{"id":12894,"date":"2010-12-05T21:50:36","date_gmt":"2010-12-05T20:50:36","guid":{"rendered":"http:\/\/df-nyt.dk\/?p=12894"},"modified":"2025-07-15T21:27:05","modified_gmt":"2025-07-15T19:27:05","slug":"f%c3%b8rtidspensionister-mister-alt","status":"publish","type":"post","link":"https:\/\/df-nyt.dk\/blog\/f%c3%b8rtidspensionister-mister-alt\/","title":{"rendered":"F\u00f8rtidspensionister mister alt"},"content":{"rendered":"<p><img loading=\"lazy\" decoding=\"async\" class=\"alignleft  \" title=\"051220102142\" src=\"https:\/\/df-nyt.dk\/\/wp-content\/uploads\/051220102142.png\" alt=\"\" width=\"243\" height=\"240\" \/>F\u00f8rtidspensionister mister alt<br \/>\nDen sociale status, f\u00e6llesskabet, familierelationerne og selvv\u00e6rdet ryger for f\u00f8rtidspensionister.<\/p>\n<p>I nyt speciale fort\u00e6ller blandt andre en tidligere forsker om at ryge ud af systemet.<br \/>\nDer skal ikke mere en en enkelt, forr\u00e6derisk, lille fysisk lidelse til, f\u00f8r tilv\u00e6relsen ramler totalt.<\/p>\n<p>Det er virkeligheden for en stor del af landets f\u00f8rtidspensionister, der er sat uden for arbejdsmarkedet af fysiske eller psykiske grunde.<\/p>\n<p>F\u00f8rtidspensionister lever et enormt ekskluderet liv, fordi hele den sociale orientering er rettet mod arbejdmarkedet, siger Anne Kathrine Fjord-Marschall, der st\u00e5r bag specialet.<\/p>\n<p>En velf\u00e6rdsstat uden social marginalisering og stigmatisering,<br \/>\nhvor hun har unders\u00f8gt livet som f\u00f8rtidspensionist.<\/p>\n<p>Reference<br \/>\n\/\/videnskab.dk:80\/content\/dk\/samfund\/fortidspensionister_mister_alt&#8221;<br \/>\n\/\/videnskab.dk:80\/samfund\/fortidspensionister_mister_alt<\/p>\n","protected":false},"excerpt":{"rendered":"<p>F\u00f8rtidspensionister mister alt Den sociale status, f\u00e6llesskabet, familierelationerne og selvv\u00e6rdet ryger for f\u00f8rtidspensionister. I nyt speciale fort\u00e6ller blandt andre en tidligere forsker om at ryge ud af systemet. Der skal ikke mere en en enkelt, forr\u00e6derisk, lille fysisk lidelse til, f\u00f8r tilv\u00e6relsen ramler totalt. Det er virkeligheden for en stor del af landets f\u00f8rtidspensionister, der [&hellip;]<\/p>\n","protected":false},"author":10,"featured_media":0,"comment_status":"open","ping_status":"closed","sticky":false,"template":"","format":"standard","meta":{"footnotes":""},"categories":[1],"tags":[],"class_list":["post-12894","post","type-post","status-publish","format-standard","hentry","category-df-nyt-dk"],"_links":{"self":[{"href":"https:\/\/df-nyt.dk\/blog\/wp-json\/wp\/v2\/posts\/12894","targetHints":{"allow":["GET"]}}],"collection":[{"href":"https:\/\/df-nyt.dk\/blog\/wp-json\/wp\/v2\/posts"}],"about":[{"href":"https:\/\/df-nyt.dk\/blog\/wp-json\/wp\/v2\/types\/post"}],"author":[{"embeddable":true,"href":"https:\/\/df-nyt.dk\/blog\/wp-json\/wp\/v2\/users\/10"}],"replies":[{"embeddable":true,"href":"https:\/\/df-nyt.dk\/blog\/wp-json\/wp\/v2\/comments?post=12894"}],"version-history":[{"count":5,"href":"https:\/\/df-nyt.dk\/blog\/wp-json\/wp\/v2\/posts\/12894\/revisions"}],"predecessor-version":[{"id":109083,"href":"https:\/\/df-nyt.dk\/blog\/wp-json\/wp\/v2\/posts\/12894\/revisions\/109083"}],"wp:attachment":[{"href":"https:\/\/df-nyt.dk\/blog\/wp-json\/wp\/v2\/media?parent=12894"}],"wp:term":[{"taxonomy":"category","embeddable":true,"href":"https:\/\/df-nyt.dk\/blog\/wp-json\/wp\/v2\/categories?post=12894"},{"taxonomy":"post_tag","embeddable":true,"href":"https:\/\/df-nyt.dk\/blog\/wp-json\/wp\/v2\/tags?post=12894"}],"curies":[{"name":"wp","href":"https:\/\/api.w.org\/{rel}","templated":true}]}}