{"id":12926,"date":"2010-12-06T10:25:30","date_gmt":"2010-12-06T09:25:30","guid":{"rendered":"http:\/\/df-nyt.dk\/?p=12926"},"modified":"2025-07-08T16:23:31","modified_gmt":"2025-07-08T14:23:31","slug":"rekordmange-lejere-s%c3%a6ttes-pa-gaden","status":"publish","type":"post","link":"https:\/\/df-nyt.dk\/blog\/rekordmange-lejere-s%c3%a6ttes-pa-gaden\/","title":{"rendered":"Rekordmange lejere s\u00e6ttes p\u00e5 gaden"},"content":{"rendered":"<p><img loading=\"lazy\" decoding=\"async\" class=\"alignleft size-full \" title=\"061220101019\" src=\"https:\/\/df-nyt.dk\/blog\/wp-content\/uploads\/061220101019.png\" alt=\"\" width=\"277\" height=\"223\" \/>Rekordmange lejere s\u00e6ttes p\u00e5 gaden<br \/>\nHvem har ansvaret?<br \/>\nSocialministeren kritiserer boligselskaberne og kommunerne.<\/p>\n<p>K\u00f8benhavns socialborgmester anklager regeringen for at lade fattige lejere i stikken.<br \/>\nDe u\u00e5bnede rudekuverter hober sig op hos et stigende antal danskere, der ikke kan betale huslejen &#8211; og det er ikke l\u00e6ngere kun s\u00e6rligt belastede grupper, fogeden m\u00e5 s\u00e6tte p\u00e5 gaden.<\/p>\n<p>\u00bbDet er almindelige mennesker med en indkomst, f.eks. en kassedame eller reng\u00f8ringsmedhj\u00e6lper. [&#8230;]<\/p>\n<p>Uds\u00e6ttelsessagerne i K\u00f8benhavns Kommune er frem til december steget med en tredjedel<\/p>\n<p>\/\/www.berlingske.dk:80\/danmark\/rekordmange-lejere-saettes-paa-gaden&#8221;<br \/>\nL\u00e6s det DER<br \/>\n&nbsp;<br \/>\n<a href=\"http:\/\/df-nyt.dk\/?p=12881\" target=\"_blank\"><span style=\"text-decoration: underline;\">L\u00e6s ogs\u00e5: Afskaffelse af efterl\u00f8n \u00f8ger IKKE besk\u00e6ftigelse<\/span><\/a><br \/>\n&nbsp;<br \/>\n<a href=\"http:\/\/df-nyt.dk\/?p=6864\" target=\"_blank\"><span style=\"text-decoration: underline;\">Se: Dansk Folkepartis forslag, som forringer Danskernes leveforhold<\/span><\/a><br \/>\n&nbsp;<\/p>\n","protected":false},"excerpt":{"rendered":"<p>Rekordmange lejere s\u00e6ttes p\u00e5 gaden Hvem har ansvaret? Socialministeren kritiserer boligselskaberne og kommunerne. K\u00f8benhavns socialborgmester anklager regeringen for at lade fattige lejere i stikken. De u\u00e5bnede rudekuverter hober sig op hos et stigende antal danskere, der ikke kan betale huslejen &#8211; og det er ikke l\u00e6ngere kun s\u00e6rligt belastede grupper, fogeden m\u00e5 s\u00e6tte p\u00e5 gaden. [&hellip;]<\/p>\n","protected":false},"author":10,"featured_media":0,"comment_status":"open","ping_status":"closed","sticky":false,"template":"","format":"standard","meta":{"footnotes":""},"categories":[1],"tags":[],"class_list":["post-12926","post","type-post","status-publish","format-standard","hentry","category-df-nyt-dk"],"_links":{"self":[{"href":"https:\/\/df-nyt.dk\/blog\/wp-json\/wp\/v2\/posts\/12926","targetHints":{"allow":["GET"]}}],"collection":[{"href":"https:\/\/df-nyt.dk\/blog\/wp-json\/wp\/v2\/posts"}],"about":[{"href":"https:\/\/df-nyt.dk\/blog\/wp-json\/wp\/v2\/types\/post"}],"author":[{"embeddable":true,"href":"https:\/\/df-nyt.dk\/blog\/wp-json\/wp\/v2\/users\/10"}],"replies":[{"embeddable":true,"href":"https:\/\/df-nyt.dk\/blog\/wp-json\/wp\/v2\/comments?post=12926"}],"version-history":[{"count":2,"href":"https:\/\/df-nyt.dk\/blog\/wp-json\/wp\/v2\/posts\/12926\/revisions"}],"predecessor-version":[{"id":108770,"href":"https:\/\/df-nyt.dk\/blog\/wp-json\/wp\/v2\/posts\/12926\/revisions\/108770"}],"wp:attachment":[{"href":"https:\/\/df-nyt.dk\/blog\/wp-json\/wp\/v2\/media?parent=12926"}],"wp:term":[{"taxonomy":"category","embeddable":true,"href":"https:\/\/df-nyt.dk\/blog\/wp-json\/wp\/v2\/categories?post=12926"},{"taxonomy":"post_tag","embeddable":true,"href":"https:\/\/df-nyt.dk\/blog\/wp-json\/wp\/v2\/tags?post=12926"}],"curies":[{"name":"wp","href":"https:\/\/api.w.org\/{rel}","templated":true}]}}