{"id":12994,"date":"2010-12-07T15:28:16","date_gmt":"2010-12-07T14:28:16","guid":{"rendered":"http:\/\/df-nyt.dk\/?p=12994"},"modified":"2026-01-06T06:15:29","modified_gmt":"2026-01-06T05:15:29","slug":"job-resource-profilen-pa-den-perfekte-jobkonsulent","status":"publish","type":"post","link":"https:\/\/df-nyt.dk\/blog\/job-resource-profilen-pa-den-perfekte-jobkonsulent\/","title":{"rendered":"Job-resource-profil p\u00e5 den perfekte Jobkonsulent?"},"content":{"rendered":"<p><img loading=\"lazy\" decoding=\"async\" class=\"size-full alignleft\" title=\"071220101517\" src=\"https:\/\/df-nyt.dk\/blog\/wp-content\/uploads\/071220101517.png\" alt=\"\" width=\"276\" height=\"144\" \/><\/p>\n<p>Job-resource-profil p\u00e5 den perfekte Jobkonsulent?<\/p>\n<p>Tidligere milit\u00e6rmand<br \/>\nEn karriere i milit\u00e6ret, en besv\u00e6rlig opv\u00e6kst pr\u00e6get af vold, misbrug og skilsmisse.<\/p>\n<p>Retspsykiaterne siger han er affekt-labil, selvh\u00e6vdende og selvcentreret, if\u00f8lge mentalunders\u00f8gelsen.<\/p>\n<p>De sidste to \u00e5r har han v\u00e6ret under behandling for &#8216;opm\u00e6rksomhedsforstyrrelse&#8217;, og han tager stadig medicin.<\/p>\n<p>Den 44-\u00e5rige, der arbejder med aktivering af ledige i Hiller\u00f8d kommune, blev d\u00f8mt til ambulant psykiatrisk behandling, fordi han blandt andet lider af depression.<\/p>\n<p>Da han fors\u00f8gte pengeafpresningen, drev han sit eget firma indenfor personalerekruttering.<\/p>\n<p>Den 44-\u00e5rige blev sammen med sin 33-\u00e5rige bror ogs\u00e5 d\u00f8mt for fors\u00f8get p\u00e5 at beg\u00e5 indbrud hos en mand i K\u00f8benhavns SV-kvarteret. Kilde. \/\/ekstrabladet.dk<br \/>\n\/\/ekstrabladet.dk\/112\/article1464787.ece&#8221;<\/p>\n<p>For yderlig l\u00e6sning.<br \/>\nNedbrydende kontrol af arbejdsl\u00f8se<br \/>\n\/\/www.berlingske.dk\/kronikker\/nedbrydende-kontrol-af-arbejdsloese&#8221; <\/p>\n<p><a href=\"http:\/\/df-nyt.dk\/?p=12495\"><span style=\"text-decoration: underline;\">Firma med flere kasketter hyret af Jobcenter<\/span><\/a><\/p>\n<p><a href=\"http:\/\/df-nyt.dk\/?p=4760\"><span style=\"text-decoration: underline;\">Mental voldt\u00e6gt af arbejdsl\u00f8se, de nye slaver<\/span><\/a><\/p>\n","protected":false},"excerpt":{"rendered":"<p>Job-resource-profil p\u00e5 den perfekte Jobkonsulent? Tidligere milit\u00e6rmand En karriere i milit\u00e6ret, en besv\u00e6rlig opv\u00e6kst pr\u00e6get af vold, misbrug og skilsmisse. Retspsykiaterne siger han er affekt-labil, selvh\u00e6vdende og selvcentreret, if\u00f8lge mentalunders\u00f8gelsen. De sidste to \u00e5r har han v\u00e6ret under behandling for &#8216;opm\u00e6rksomhedsforstyrrelse&#8217;, og han tager stadig medicin. Den 44-\u00e5rige, der arbejder med aktivering af ledige i [&hellip;]<\/p>\n","protected":false},"author":10,"featured_media":0,"comment_status":"open","ping_status":"closed","sticky":false,"template":"","format":"standard","meta":{"footnotes":""},"categories":[1],"tags":[],"class_list":["post-12994","post","type-post","status-publish","format-standard","hentry","category-df-nyt-dk"],"_links":{"self":[{"href":"https:\/\/df-nyt.dk\/blog\/wp-json\/wp\/v2\/posts\/12994","targetHints":{"allow":["GET"]}}],"collection":[{"href":"https:\/\/df-nyt.dk\/blog\/wp-json\/wp\/v2\/posts"}],"about":[{"href":"https:\/\/df-nyt.dk\/blog\/wp-json\/wp\/v2\/types\/post"}],"author":[{"embeddable":true,"href":"https:\/\/df-nyt.dk\/blog\/wp-json\/wp\/v2\/users\/10"}],"replies":[{"embeddable":true,"href":"https:\/\/df-nyt.dk\/blog\/wp-json\/wp\/v2\/comments?post=12994"}],"version-history":[{"count":6,"href":"https:\/\/df-nyt.dk\/blog\/wp-json\/wp\/v2\/posts\/12994\/revisions"}],"predecessor-version":[{"id":110870,"href":"https:\/\/df-nyt.dk\/blog\/wp-json\/wp\/v2\/posts\/12994\/revisions\/110870"}],"wp:attachment":[{"href":"https:\/\/df-nyt.dk\/blog\/wp-json\/wp\/v2\/media?parent=12994"}],"wp:term":[{"taxonomy":"category","embeddable":true,"href":"https:\/\/df-nyt.dk\/blog\/wp-json\/wp\/v2\/categories?post=12994"},{"taxonomy":"post_tag","embeddable":true,"href":"https:\/\/df-nyt.dk\/blog\/wp-json\/wp\/v2\/tags?post=12994"}],"curies":[{"name":"wp","href":"https:\/\/api.w.org\/{rel}","templated":true}]}}