{"id":13015,"date":"2010-12-07T17:30:33","date_gmt":"2010-12-07T16:30:33","guid":{"rendered":"http:\/\/df-nyt.dk\/?p=13015"},"modified":"2017-10-31T19:30:39","modified_gmt":"2017-10-31T18:30:39","slug":"sa-rundede-man-210-000-aktive-cver-pa-jobnet-dk","status":"publish","type":"post","link":"https:\/\/df-nyt.dk\/blog\/sa-rundede-man-210-000-aktive-cver-pa-jobnet-dk\/","title":{"rendered":"S\u00e5 rundede man 210.000 aktive CV&#8217;er p\u00e5 jobnet.dk"},"content":{"rendered":"<p><strong><a href=\"https:\/\/df-nyt.dk\/blog\/wp-content\/uploads\/071220101723.png\"><img loading=\"lazy\" decoding=\"async\" class=\"alignleft size-full wp-image-13016\" title=\"071220101723\" src=\"https:\/\/df-nyt.dk\/blog\/wp-content\/uploads\/071220101723.png\" alt=\"\" width=\"283\" height=\"268\" \/><\/a><\/strong><\/p>\n<p>&nbsp;<\/p>\n<p>&nbsp;<\/p>\n<p><strong>S\u00e5 rundede man 210.000 aktive CV\u2019er p\u00e5 jobnet.dk<\/strong><\/p>\n<p>Den 7 december 2010 rundede man p\u00e5 www.jobnet.dk &#8211; 210.000 aktive CV&#8217;er.<\/p>\n<p>Hvem der blev den &#8220;heldige&#8221; jobs\u00f8ger som fik lagt sit CV ind som nummer 210.000. vides ikke.<\/p>\n<p>Det havde ellers v\u00e6ret kl\u00e6deligt, om Dansk Folkeparti og VK havde markeret denne udvikling p\u00e5 en eller anden m\u00e5de.<\/p>\n<p>De er jo hurtigt fremme i skoene n\u00e5r der skal fremsiges sk\u00e5ltaler, og fort\u00e6lles historier om deres helt fantastiske arbejdsmarkedspolitik.<\/p>\n<p>Man har brugt milliarder i en meningsl\u00f8s besk\u00e6ftigelsesindustri som kun har gavnet ganske f\u00e5, &#8211;<br \/>\nmen skadet de fleste, &#8211; ikke mindst dem som ryger helt ud af systemet som \u00f8konomiske tabere, &#8211;<br \/>\nmed de f\u00f8lger det indeb\u00e6rer.<\/p>\n<p>Desv\u00e6rre har medierne ogs\u00e5 helt overset begivenheden eller bare fravalgt den.<\/p>\n<p>Det er ellers en ny danmarksrekort, som kan skrives ind i Guinnes Rekordbog for 2010.<\/p>\n<p><strong>Se:<\/strong> <a href=\"http:\/\/df-nyt.dk\/?page_id=4727\" target=\"_blank\"><span style=\"text-decoration: underline;\"><br \/>\n<strong>Jobbanken &#8211; HER <\/strong><\/span><\/a><\/p>\n<p>&nbsp;<br \/>\n<strong>L\u00e6s ogs\u00e5:<span style=\"text-decoration: underline;\"><a href=\"http:\/\/df-nyt.dk\/?p=12994\" target=\"_blank\"> Job-resource-profil p\u00e5 den perfekte Jobkonsulent?<\/a><\/span><\/strong><\/p>\n<p><strong>************************<\/strong><\/p>\n","protected":false},"excerpt":{"rendered":"<p>&nbsp; &nbsp; S\u00e5 rundede man 210.000 aktive CV\u2019er p\u00e5 jobnet.dk Den 7 december 2010 rundede man p\u00e5 www.jobnet.dk &#8211; 210.000 aktive CV&#8217;er. Hvem der blev den &#8220;heldige&#8221; jobs\u00f8ger som fik lagt sit CV ind som nummer 210.000. vides ikke. Det havde ellers v\u00e6ret kl\u00e6deligt, om Dansk Folkeparti og VK havde markeret denne udvikling p\u00e5 en [&hellip;]<\/p>\n","protected":false},"author":10,"featured_media":0,"comment_status":"open","ping_status":"closed","sticky":false,"template":"","format":"standard","meta":{"footnotes":""},"categories":[1],"tags":[],"class_list":["post-13015","post","type-post","status-publish","format-standard","hentry","category-df-nyt-dk"],"_links":{"self":[{"href":"https:\/\/df-nyt.dk\/blog\/wp-json\/wp\/v2\/posts\/13015","targetHints":{"allow":["GET"]}}],"collection":[{"href":"https:\/\/df-nyt.dk\/blog\/wp-json\/wp\/v2\/posts"}],"about":[{"href":"https:\/\/df-nyt.dk\/blog\/wp-json\/wp\/v2\/types\/post"}],"author":[{"embeddable":true,"href":"https:\/\/df-nyt.dk\/blog\/wp-json\/wp\/v2\/users\/10"}],"replies":[{"embeddable":true,"href":"https:\/\/df-nyt.dk\/blog\/wp-json\/wp\/v2\/comments?post=13015"}],"version-history":[{"count":0,"href":"https:\/\/df-nyt.dk\/blog\/wp-json\/wp\/v2\/posts\/13015\/revisions"}],"wp:attachment":[{"href":"https:\/\/df-nyt.dk\/blog\/wp-json\/wp\/v2\/media?parent=13015"}],"wp:term":[{"taxonomy":"category","embeddable":true,"href":"https:\/\/df-nyt.dk\/blog\/wp-json\/wp\/v2\/categories?post=13015"},{"taxonomy":"post_tag","embeddable":true,"href":"https:\/\/df-nyt.dk\/blog\/wp-json\/wp\/v2\/tags?post=13015"}],"curies":[{"name":"wp","href":"https:\/\/api.w.org\/{rel}","templated":true}]}}