{"id":13038,"date":"2010-12-07T22:13:50","date_gmt":"2010-12-07T21:13:50","guid":{"rendered":"http:\/\/df-nyt.dk\/?p=13038"},"modified":"2025-09-14T08:52:28","modified_gmt":"2025-09-14T06:52:28","slug":"borger-fik-ret-%e2%80%93-det-vil-kommunen-ikke-finde-sig-i","status":"publish","type":"post","link":"https:\/\/df-nyt.dk\/blog\/borger-fik-ret-%e2%80%93-det-vil-kommunen-ikke-finde-sig-i\/","title":{"rendered":"Borger fik ret \u2013 det vil kommunen ikke finde sig i"},"content":{"rendered":"<p><img loading=\"lazy\" decoding=\"async\" class=\"alignleft size-full \" title=\"071220102205\" src=\"https:\/\/df-nyt.dk\/\/wp-content\/uploads\/071220102205.png\" alt=\"\" width=\"215\" height=\"183\" \/><\/p>\n<p>Nu er han vred \u2013 Tonni Hansen, formand for 3F Sydfyn.<br \/>\nOver kommunens tro p\u00e5 egen ufejlbarlighed.<\/p>\n<p>Kommunen er blevet p\u00e5lagt at genoptage udbetaling af sygedagpenge til en borger.<\/p>\n<p>Kommunen vil ikke finde sig i det. Den har anket afg\u00f8relsen.<br \/>\nJobcenter anker \u2013 inden politikere har dr\u00f8ftet sagen Skriver Frede Jakobsen <\/p>\n<p>-og forts\u00e6tter<br \/>\nGl\u00e6den varede kort.<br \/>\nKun godt et par uger. Nu er den v\u00e6k.<br \/>\nUvisheden tilbage sammen med angsten for familiens \u00f8konomi.<\/p>\n<p>50-\u00e5rige Mai-Britt Nikolajsen, Thur\u00f8, fik for et par uger siden en h\u00e5rdt savnet opmuntring i et langt sygdomsforl\u00f8b.<\/p>\n<p>Kommunens Jobcenter blev \u2013 af Besk\u00e6ftigelsesanken\u00e6vnet \u2013 p\u00e5lagt at genoptage udbetalingen af sygedagpenge til hende.<\/p>\n<p>Samt at efterbetale hende de sygedagpenge, hun skulle have haft de sidste halve \u00e5r. I g\u00e5r r\u00f8g hun ned i kulk\u00e6lderen igen.<\/p>\n<p>Kommunen er uenig med Besk\u00e6ftigelsesanken\u00e6vnet. Derfor er afg\u00f8relsen blevet anket. Og kommunen vil g\u00e5 hele vejen for at f\u00e5 ret.<\/p>\n<p>Den vil \u2013 hvis ikke Besk\u00e6ftigelsesanken\u00e6vnet \u00e6ndrer afg\u00f8relsen \u2013 g\u00e5 til Ankestyrelsen med sagen.<\/p>\n<p>Beslutningen om at anke den afg\u00f8relse, som gik kommunen imod til gavn for den syge borger, er truffet i Jobcentret.<\/p>\n<p>Reference<br \/>\n \/\/svendborgsnetavis.dk\/?p=3088\/&#8221; SvendborgNetAvis.dk<\/p>\n<hr \/>\n<p>For yderlig l\u00e6sning<br \/>\n<a href=\"https:\/\/df-nyt.dk\/?p=12994\/\" target=\"_blank\" rel=\"noopener noreferrer\"><span style=\"text-decoration: underline\">Job-resource-profil p\u00e5 den perfekte Jobkonsulent<\/span><\/a><br \/>\n&nbsp;<\/p>\n","protected":false},"excerpt":{"rendered":"<p>Nu er han vred \u2013 Tonni Hansen, formand for 3F Sydfyn. Over kommunens tro p\u00e5 egen ufejlbarlighed. Kommunen er blevet p\u00e5lagt at genoptage udbetaling af sygedagpenge til en borger. Kommunen vil ikke finde sig i det. Den har anket afg\u00f8relsen. Jobcenter anker \u2013 inden politikere har dr\u00f8ftet sagen Skriver Frede Jakobsen -og forts\u00e6tter Gl\u00e6den varede [&hellip;]<\/p>\n","protected":false},"author":10,"featured_media":0,"comment_status":"open","ping_status":"closed","sticky":false,"template":"","format":"standard","meta":{"footnotes":""},"categories":[1],"tags":[],"class_list":["post-13038","post","type-post","status-publish","format-standard","hentry","category-df-nyt-dk"],"_links":{"self":[{"href":"https:\/\/df-nyt.dk\/blog\/wp-json\/wp\/v2\/posts\/13038","targetHints":{"allow":["GET"]}}],"collection":[{"href":"https:\/\/df-nyt.dk\/blog\/wp-json\/wp\/v2\/posts"}],"about":[{"href":"https:\/\/df-nyt.dk\/blog\/wp-json\/wp\/v2\/types\/post"}],"author":[{"embeddable":true,"href":"https:\/\/df-nyt.dk\/blog\/wp-json\/wp\/v2\/users\/10"}],"replies":[{"embeddable":true,"href":"https:\/\/df-nyt.dk\/blog\/wp-json\/wp\/v2\/comments?post=13038"}],"version-history":[{"count":4,"href":"https:\/\/df-nyt.dk\/blog\/wp-json\/wp\/v2\/posts\/13038\/revisions"}],"predecessor-version":[{"id":104870,"href":"https:\/\/df-nyt.dk\/blog\/wp-json\/wp\/v2\/posts\/13038\/revisions\/104870"}],"wp:attachment":[{"href":"https:\/\/df-nyt.dk\/blog\/wp-json\/wp\/v2\/media?parent=13038"}],"wp:term":[{"taxonomy":"category","embeddable":true,"href":"https:\/\/df-nyt.dk\/blog\/wp-json\/wp\/v2\/categories?post=13038"},{"taxonomy":"post_tag","embeddable":true,"href":"https:\/\/df-nyt.dk\/blog\/wp-json\/wp\/v2\/tags?post=13038"}],"curies":[{"name":"wp","href":"https:\/\/api.w.org\/{rel}","templated":true}]}}