{"id":13054,"date":"2010-12-08T04:20:15","date_gmt":"2010-12-08T03:20:15","guid":{"rendered":"http:\/\/df-nyt.dk\/?p=13054"},"modified":"2025-09-14T07:32:17","modified_gmt":"2025-09-14T05:32:17","slug":"sf-lokke-saboterer-dansk-eu-formandskab","status":"publish","type":"post","link":"https:\/\/df-nyt.dk\/blog\/sf-lokke-saboterer-dansk-eu-formandskab\/","title":{"rendered":"SF: L\u00f8kke saboterer dansk EU-formandskab"},"content":{"rendered":"<p><img loading=\"lazy\" decoding=\"async\" class=\"alignleft size-full \" title=\"081220100418\" src=\"https:\/\/df-nyt.dk\/blog\/wp-content\/uploads\/081220100418.png\" alt=\"\" width=\"276\" height=\"207\" \/><\/p>\n<p>Det er igen og igen blevet bekr\u00e6ftet at Lars L\u00f8kke er en elendig international forhandler. Skriver SF i en pressemeddelelse <\/p>\n<p>&#8211;\u00a0Og forts\u00e6tter med f\u00f8lgende.<br \/>\nSenest har flere chefforhandlere kritiseret Lars L\u00f8kkes indsats ved COP15 i Wikileaks dokumenter.<\/p>\n<p>N\u00e5r Danmark overtager EU formandskabet i 2012 skal der et anderledes internationalt format til at l\u00f8fte opgaven.<\/p>\n<p>At st\u00e5 i spidsen for et formandskab kr\u00e6ver internationale kontakter, styr p\u00e5 substansen og, store forhandlingsevner.<\/p>\n<p>Alt sammen egenskaber Lars L\u00f8kke ikke ejer og som s\u00e6tter ham ude af stand til at st\u00e5 i spidsen for EU.<\/p>\n<p>&#8220;Derfor er det gl\u00e6deligt at der kommer et valg senest i november 2011, men det er dog s\u00e5 t\u00e6t p\u00e5 overtagelsen af formandsskabet at det vil v\u00e6re p\u00e5kr\u00e6vet at VK-regeringen tager deres ansvar voksent og allerede nu p\u00e5begynder forberedelserne&#8221; udtaler Pia Olsen Dyhr, EU-ordf\u00f8rer for SF<\/p>\n<p>S\u00e5 sent som for 14 dage siden udtalte Lene Espersen til Politiken at hun ikke ville bruge penge p\u00e5 det kommende EU-formandsskab, en udtalelse som Lars L\u00f8kke b\u00f8r korrigere snarest hvis Danmark ikke skal risikere endnu en international fad\u00e6se som COP15 var.<\/p>\n<p>&#8220;En grundig forberedelse vil kr\u00e6ve t\u00e6t dialog med dem der har v\u00e6rtsskabet nu, det vil kr\u00e6ve at vi allerede nu begynder at l\u00e6gge budgetter og finder \u00f8konomien til afholdelsen.<\/p>\n<p>EU befinder sig i en dramatisk tid som Danmark ikke m\u00e5 medvirke til at forv\u00e6rre.<\/p>\n<p>SF vil derfor forlange at f\u00e5 svar p\u00e5 hvordan Lars L\u00f8kke har t\u00e6nkt sig at l\u00f8fte opgaven med forberedelserne, hvem han vil s\u00e6tte i spidsen for det som magter internationale opgaver, samt hvordan han vil finde de n\u00f8dvendige midler&#8221; afslutter Pia Olsen Dyhr sin pressemeddelse.<\/p>\n<p><a href=\"http:\/\/sf.dk\">L\u00e6s flere nyheder fra SF DER <\/a><\/p>\n","protected":false},"excerpt":{"rendered":"<p>Det er igen og igen blevet bekr\u00e6ftet at Lars L\u00f8kke er en elendig international forhandler. Skriver SF i en pressemeddelelse &#8211;\u00a0Og forts\u00e6tter med f\u00f8lgende. Senest har flere chefforhandlere kritiseret Lars L\u00f8kkes indsats ved COP15 i Wikileaks dokumenter. N\u00e5r Danmark overtager EU formandskabet i 2012 skal der et anderledes internationalt format til at l\u00f8fte opgaven. At [&hellip;]<\/p>\n","protected":false},"author":10,"featured_media":0,"comment_status":"open","ping_status":"closed","sticky":false,"template":"","format":"standard","meta":{"footnotes":""},"categories":[1],"tags":[],"class_list":["post-13054","post","type-post","status-publish","format-standard","hentry","category-df-nyt-dk"],"_links":{"self":[{"href":"https:\/\/df-nyt.dk\/blog\/wp-json\/wp\/v2\/posts\/13054","targetHints":{"allow":["GET"]}}],"collection":[{"href":"https:\/\/df-nyt.dk\/blog\/wp-json\/wp\/v2\/posts"}],"about":[{"href":"https:\/\/df-nyt.dk\/blog\/wp-json\/wp\/v2\/types\/post"}],"author":[{"embeddable":true,"href":"https:\/\/df-nyt.dk\/blog\/wp-json\/wp\/v2\/users\/10"}],"replies":[{"embeddable":true,"href":"https:\/\/df-nyt.dk\/blog\/wp-json\/wp\/v2\/comments?post=13054"}],"version-history":[{"count":3,"href":"https:\/\/df-nyt.dk\/blog\/wp-json\/wp\/v2\/posts\/13054\/revisions"}],"predecessor-version":[{"id":109893,"href":"https:\/\/df-nyt.dk\/blog\/wp-json\/wp\/v2\/posts\/13054\/revisions\/109893"}],"wp:attachment":[{"href":"https:\/\/df-nyt.dk\/blog\/wp-json\/wp\/v2\/media?parent=13054"}],"wp:term":[{"taxonomy":"category","embeddable":true,"href":"https:\/\/df-nyt.dk\/blog\/wp-json\/wp\/v2\/categories?post=13054"},{"taxonomy":"post_tag","embeddable":true,"href":"https:\/\/df-nyt.dk\/blog\/wp-json\/wp\/v2\/tags?post=13054"}],"curies":[{"name":"wp","href":"https:\/\/api.w.org\/{rel}","templated":true}]}}