{"id":13058,"date":"2010-12-08T04:39:54","date_gmt":"2010-12-08T03:39:54","guid":{"rendered":"http:\/\/df-nyt.dk\/?p=13058"},"modified":"2024-01-19T21:40:16","modified_gmt":"2024-01-19T20:40:16","slug":"st%c3%b8jbergs-han-og-kulde","status":"publish","type":"post","link":"https:\/\/df-nyt.dk\/blog\/st%c3%b8jbergs-han-og-kulde\/","title":{"rendered":"St\u00f8jbergs h\u00e5n og kulde"},"content":{"rendered":"<p><img loading=\"lazy\" decoding=\"async\" class=\"alignleft size-full \" title=\"081220100433\" src=\"https:\/\/df-nyt.dk\/\/wp-content\/uploads\/081220100433.png\" alt=\"\" width=\"179\" height=\"162\" \/><br \/>\nSt\u00f8jbergs h\u00e5n og kulde<br \/>\nSom lovet i Lars L\u00f8kkes \u00e5bningstale fremlagde regeringen sit forslag til en f\u00f8rtidspensionsreform.<\/p>\n<p>Den betyder som ventet, at f\u00f8rtidspensionister skal h\u00e5nes og nedg\u00f8res af regeringen med Inger St\u00f8jberg (V) i spidsen.<\/p>\n<p>Inger St\u00f8jbergs omtale og syn p\u00e5 f\u00f8rtidspensionister viser et menneskesyn over for syge, som er isnende kold som den frost, bl\u00e6st og sne der i \u00f8jeblikket rammer Danmark.<\/p>\n<p>Som indehaver af en alvorlig lungesygdom, der har gjort mig til f\u00f8rtidspensionist, gjorde Inger St\u00f8jbergs udtalelse, at f\u00f8rtidspensionister st\u00e5r p\u00e5 en perron, og ser livet og samfundet k\u00f8re forbi, mig rasende.<\/p>\n<p>Jeg f\u00f8ler mig virkelig kr\u00e6nket og tr\u00e5dt p\u00e5 af besk\u00e6ftigelsesministeren fra Venstre.<\/p>\n<p>Jeg er ikke den eneste, kan jeg se p\u00e5 udtalelser i pressen, og gennem samtaler med ligestillede.<\/p>\n<p>Vi k\u00e6mper hver dag med sygdom, og g\u00f8r hvad der er n\u00f8dvendig for ikke at den skal forv\u00e6rres, det gennem tr\u00e6ning, kontrol og behandlinger p\u00e5 hospitalet.<\/p>\n<p>Ud over dette deltages i aktiviteter s\u00e5 langt kr\u00e6fterne r\u00e6kke.<br \/>\nVi deltager i samfundet p\u00e5 lige fod med andre.<\/p>\n<p>Skriver Lars Jakobsen i et L\u00e6serbrev i \u00c5rhus Stifttidende 7. december 2010<\/p>\n<p>Reference<br \/>\nHjemmesiden \/\/stiften.dk \/laeserbrev\/stoejbergs-haan-og-kulde<\/p>\n<p>For yderlig l\u00e6sning.<\/p>\n<p><a href=\"https:\/\/df-nyt.dk\/?p=13038\/\" rel=\"noopener noreferrer\"><span style=\"text-decoration: underline;\">Borger fik ret \u2013 det vil kommunen ikke finde sig i <\/span><\/a><br \/>\n&nbsp;<br \/>\n<a href=\"https:\/\/df-nyt.dk\/?p=13015\/\" rel=\"noopener noreferrer\"><span style=\"text-decoration: underline\">S\u00e5 rundede man 210.000 aktive CVer p\u00e5 jobnet.dk <\/span><\/a><br \/>\n&nbsp;<\/p>\n","protected":false},"excerpt":{"rendered":"<p>St\u00f8jbergs h\u00e5n og kulde Som lovet i Lars L\u00f8kkes \u00e5bningstale fremlagde regeringen sit forslag til en f\u00f8rtidspensionsreform. Den betyder som ventet, at f\u00f8rtidspensionister skal h\u00e5nes og nedg\u00f8res af regeringen med Inger St\u00f8jberg (V) i spidsen. Inger St\u00f8jbergs omtale og syn p\u00e5 f\u00f8rtidspensionister viser et menneskesyn over for syge, som er isnende kold som den frost, [&hellip;]<\/p>\n","protected":false},"author":10,"featured_media":0,"comment_status":"open","ping_status":"closed","sticky":false,"template":"","format":"standard","meta":{"footnotes":""},"categories":[1],"tags":[],"class_list":["post-13058","post","type-post","status-publish","format-standard","hentry","category-df-nyt-dk"],"_links":{"self":[{"href":"https:\/\/df-nyt.dk\/blog\/wp-json\/wp\/v2\/posts\/13058","targetHints":{"allow":["GET"]}}],"collection":[{"href":"https:\/\/df-nyt.dk\/blog\/wp-json\/wp\/v2\/posts"}],"about":[{"href":"https:\/\/df-nyt.dk\/blog\/wp-json\/wp\/v2\/types\/post"}],"author":[{"embeddable":true,"href":"https:\/\/df-nyt.dk\/blog\/wp-json\/wp\/v2\/users\/10"}],"replies":[{"embeddable":true,"href":"https:\/\/df-nyt.dk\/blog\/wp-json\/wp\/v2\/comments?post=13058"}],"version-history":[{"count":1,"href":"https:\/\/df-nyt.dk\/blog\/wp-json\/wp\/v2\/posts\/13058\/revisions"}],"predecessor-version":[{"id":101625,"href":"https:\/\/df-nyt.dk\/blog\/wp-json\/wp\/v2\/posts\/13058\/revisions\/101625"}],"wp:attachment":[{"href":"https:\/\/df-nyt.dk\/blog\/wp-json\/wp\/v2\/media?parent=13058"}],"wp:term":[{"taxonomy":"category","embeddable":true,"href":"https:\/\/df-nyt.dk\/blog\/wp-json\/wp\/v2\/categories?post=13058"},{"taxonomy":"post_tag","embeddable":true,"href":"https:\/\/df-nyt.dk\/blog\/wp-json\/wp\/v2\/tags?post=13058"}],"curies":[{"name":"wp","href":"https:\/\/api.w.org\/{rel}","templated":true}]}}