{"id":13075,"date":"2010-12-08T13:08:47","date_gmt":"2010-12-08T12:08:47","guid":{"rendered":"http:\/\/df-nyt.dk\/?p=13075"},"modified":"2026-08-11T21:14:32","modified_gmt":"2026-08-11T19:14:32","slug":"radikale-venstre-lancerer-stort-skoleudspil","status":"publish","type":"post","link":"https:\/\/df-nyt.dk\/blog\/radikale-venstre-lancerer-stort-skoleudspil\/","title":{"rendered":"Radikale Venstre lancerer stort skoleudspil"},"content":{"rendered":"<p>&nbsp;<\/p>\n<p>Regeringen vil tvungne test og mistillid, men det er ikke den vej, Radikale Venstre vil g\u00e5. Skriver de Radikale i sin pressemeddelelse<\/p>\n<p>Og forts\u00e6tter.<br \/>\nRadikale Venstre tror. Ogs\u00e5 p\u00e5 l\u00e6rerne. I sit nye folkeskoleudspil &#8220;Vores Skole&#8221;, som Radikale Venstre lancerer i dag, investerer partiet seri\u00f8st i b\u00f8rnenes fremtid.<\/p>\n<p>Pressemeddelse fra de Radikale<\/p>\n<p>&#8220;Radikale Venstres store skoleudspil &#8220;Vores skole&#8221; bygger p\u00e5 viden, tillid og dialog.<\/p>\n<p>Derfor er obligatorisk efteruddannelse til l\u00e6rerne helt centralt.<\/p>\n<p>L\u00e6rere skal have adgang til ny viden, til nye f\u00e6rdigheder inden for didaktik, p\u00e6dagogik og den faglige tilrettel\u00e6ggelse af undervisningen.<\/p>\n<p>Uanset hvor god l\u00e6rernes grunduddannelse er, r\u00e6kker den ikke til et helt l\u00e6rerliv,&#8221; siger den radikale gruppeformand Margrethe Vestager.<\/p>\n<p>&#8220;Vi har brugt god tid p\u00e5 vores skoleudspil &#8211; fordi vi \u00f8nsker, at det skal bygge p\u00e5 viden om, hvad der virker.<\/p>\n<p>Det er derfor, vi har det st\u00e6rke fokus p\u00e5 l\u00e6rernes muligheder for at tilrettel\u00e6gge undervisningen.<\/p>\n<p>Fokus p\u00e5 evaluering rettet mod elevernes faglige udvikling.<br \/>\nOg fortsat loft over det maksimale antal elever i klassen, s\u00e5 der er ro og engagement,&#8221; siger Margrethe Vestager og forts\u00e6tter:<\/p>\n<p>&#8220;Skolen er et omdrejningspunkt for vores samfund og for b\u00f8rnenes hverdag.<\/p>\n<p>Og det skal skolen vise.<br \/>\nSom en moderne bygning med de faglokaler og undervisningsmaterialer, der er brug for &#8211; uanset om det er b\u00f8ger eller it, et fysiklokale eller komfurer til hjemkundskab.<\/p>\n<p>&#8220;Skolen bliver ikke bedre af fikse ideer inspireret af industrielle styringssystemer.<\/p>\n<p>Skolen bliver bedre af, at dens mennesker f\u00e5r muligheder &#8211; b\u00e5de l\u00e6rere, elever, ledere og for\u00e6ldre,&#8221; understreger Margrethe Vestager.<\/p>\n<p>Fakta: I Radikale Venstres uddannelsesudspil &#8220;Vores Skole&#8221; investeres der halvanden milliard kroner i at styrke folkeskolen.<\/p>\n<p>Pengene fordeles s\u00e5ledes:<br \/>\n500 millioner kroner p\u00e5 efteruddannelse af l\u00e6rerne, s\u00e5 der ogs\u00e5 er r\u00e5d til d\u00e6kning af vikarafgifter<br \/>\n500 millioner kroner til bedre rammer og it<br \/>\n300 millioner kroner til styrket specialundervisning<br \/>\n100 millioner kroner til modersm\u00e5lsundervisning<br \/>\n100 millioner kroner til andre forslag<\/p>\n<p>L\u00e6s Radikale Venstres skoleudspil i fuld l\u00e6ngde<br \/>\n\/\/www.radikale.dk\/public\/upload\/Filer\/Udpspil\/RVVoresSkole2010.pdf&#8221;<br \/>\n********************************<\/p>\n","protected":false},"excerpt":{"rendered":"<p>&nbsp; Regeringen vil tvungne test og mistillid, men det er ikke den vej, Radikale Venstre vil g\u00e5. Skriver de Radikale i sin pressemeddelelse Og forts\u00e6tter. Radikale Venstre tror. Ogs\u00e5 p\u00e5 l\u00e6rerne. I sit nye folkeskoleudspil &#8220;Vores Skole&#8221;, som Radikale Venstre lancerer i dag, investerer partiet seri\u00f8st i b\u00f8rnenes fremtid. Pressemeddelse fra de Radikale &#8220;Radikale Venstres [&hellip;]<\/p>\n","protected":false},"author":10,"featured_media":0,"comment_status":"open","ping_status":"closed","sticky":false,"template":"","format":"standard","meta":{"footnotes":""},"categories":[1],"tags":[],"class_list":["post-13075","post","type-post","status-publish","format-standard","hentry","category-df-nyt-dk"],"_links":{"self":[{"href":"https:\/\/df-nyt.dk\/blog\/wp-json\/wp\/v2\/posts\/13075","targetHints":{"allow":["GET"]}}],"collection":[{"href":"https:\/\/df-nyt.dk\/blog\/wp-json\/wp\/v2\/posts"}],"about":[{"href":"https:\/\/df-nyt.dk\/blog\/wp-json\/wp\/v2\/types\/post"}],"author":[{"embeddable":true,"href":"https:\/\/df-nyt.dk\/blog\/wp-json\/wp\/v2\/users\/10"}],"replies":[{"embeddable":true,"href":"https:\/\/df-nyt.dk\/blog\/wp-json\/wp\/v2\/comments?post=13075"}],"version-history":[{"count":3,"href":"https:\/\/df-nyt.dk\/blog\/wp-json\/wp\/v2\/posts\/13075\/revisions"}],"predecessor-version":[{"id":112242,"href":"https:\/\/df-nyt.dk\/blog\/wp-json\/wp\/v2\/posts\/13075\/revisions\/112242"}],"wp:attachment":[{"href":"https:\/\/df-nyt.dk\/blog\/wp-json\/wp\/v2\/media?parent=13075"}],"wp:term":[{"taxonomy":"category","embeddable":true,"href":"https:\/\/df-nyt.dk\/blog\/wp-json\/wp\/v2\/categories?post=13075"},{"taxonomy":"post_tag","embeddable":true,"href":"https:\/\/df-nyt.dk\/blog\/wp-json\/wp\/v2\/tags?post=13075"}],"curies":[{"name":"wp","href":"https:\/\/api.w.org\/{rel}","templated":true}]}}