{"id":13090,"date":"2010-12-08T14:39:41","date_gmt":"2010-12-08T13:39:41","guid":{"rendered":"http:\/\/df-nyt.dk\/?p=13090"},"modified":"2017-11-03T17:41:30","modified_gmt":"2017-11-03T16:41:30","slug":"sf-diskussion-pa-v%c3%a6rtshusniveau-kl%c3%a6der-ikke-statsministeren","status":"publish","type":"post","link":"https:\/\/df-nyt.dk\/blog\/sf-diskussion-pa-v%c3%a6rtshusniveau-kl%c3%a6der-ikke-statsministeren\/","title":{"rendered":"SF: Diskussion p\u00e5 v\u00e6rtshusniveau kl\u00e6der ikke statsministeren"},"content":{"rendered":"<p><strong><a href=\"https:\/\/df-nyt.dk\/blog\/wp-content\/uploads\/081220101434.png\"><img loading=\"lazy\" decoding=\"async\" class=\"alignleft size-full wp-image-13091\" title=\"081220101434\" src=\"https:\/\/df-nyt.dk\/blog\/wp-content\/uploads\/081220101434.png\" alt=\"\" width=\"277\" height=\"214\" \/><\/a><\/strong><\/p>\n<p>&nbsp;<br \/>\nLars L\u00f8kke p\u00e5st\u00e5r fejlagtigt, at S og SF vil h\u00e6ve den generelle beskatning p\u00e5 arbejdsindkomst. <\/p>\n<p>SF&#8217;s Astrid Krag er forarget over, at statsministeren ikke vil have en fair debat og efterlyser en berigtigelse &#8211; hun stiller nu \u00a720 sp\u00f8rgsm\u00e5l for at f\u00e5 statsministeren til at erkende, at han p\u00e5 sit pressem\u00f8de i g\u00e5r l\u00f8j om oppositionens skatteudspil.<\/p>\n<p>&#8220;Det er ingen hemmelighed, at regeringen og S-SF er uenige om, hvem der skal betale regningen for krisen og skattelettelserne.<\/p>\n<p>Men vi vil s\u00e6nke skatten p\u00e5 arbejde for dem, som tjener under en million om \u00e5ret.<\/p>\n<p>Statsministeren f\u00f8rer diskussionen p\u00e5 v\u00e6rtshusniveau fremfor statsmandsniveau og det er \u00e6rligt talt ikke det, Danmark har brug for lige nu&#8221;.<\/p>\n<p>Astrid Krag vil nu bede statsministeren berigtige sin fremstilling<\/p>\n<p>&#8220;Vi vil s\u00e6nke skatten p\u00e5 arbejde for l\u00f8nmodtagerne ved at h\u00e6ve besk\u00e6ftigelsesfradraget med 6000 kroner.<\/p>\n<p>Det skal statsministeren erkende i stedet for at sprede l\u00f8gne om vores politik.<\/p>\n<p>Det er rigtigt, at vi vil h\u00e6ve skatten en smule for million\u00e6rerne.<\/p>\n<p>Netop den gruppe er blevet forgyldt i \u00e5revis og det er kun rimeligt, at de nu bidrager lidt mere.<\/p>\n<p>Statsministeren har tidligere kaldt det en &#8220;skat p\u00e5 hjerner&#8221; &#8211; det synes jeg er en arrogant indstilling, som om folk, der tjener under en million ikke har s\u00e5 store hjerner.<\/p>\n<p>Men det viser pr\u00e6cist, at der faktisk er tale om en \u00e6rlig, politisk uenighed mellem regeringen og os.<\/p>\n<p>S\u00e5 lad os f\u00f8re debatten p\u00e5 et \u00e6rligt grundlag.&#8221; Skriver SF i en pressemeddelse.<\/p>\n<p><span style=\"text-decoration: underline;\"><strong><a href=\"http:\/\/www.sf.dk\/seneste-nyt\">L\u00e6s flere nyheder fra SF &gt; HER&lt; <\/a><\/strong><\/span><\/p>\n<hr \/>\n<p><strong><a href=\"http:\/\/df-nyt.dk\/?p=13015\">Se ogs\u00e5: S\u00e5 rundede man 210.000 aktive CV\u2019er p\u00e5 jobnet.dk <\/a><\/strong><\/p>\n<hr \/>\n<p>&nbsp;<\/p>\n","protected":false},"excerpt":{"rendered":"<p>&nbsp; Lars L\u00f8kke p\u00e5st\u00e5r fejlagtigt, at S og SF vil h\u00e6ve den generelle beskatning p\u00e5 arbejdsindkomst. SF&#8217;s Astrid Krag er forarget over, at statsministeren ikke vil have en fair debat og efterlyser en berigtigelse &#8211; hun stiller nu \u00a720 sp\u00f8rgsm\u00e5l for at f\u00e5 statsministeren til at erkende, at han p\u00e5 sit pressem\u00f8de i g\u00e5r l\u00f8j [&hellip;]<\/p>\n","protected":false},"author":10,"featured_media":0,"comment_status":"open","ping_status":"closed","sticky":false,"template":"","format":"standard","meta":{"footnotes":""},"categories":[1],"tags":[],"class_list":["post-13090","post","type-post","status-publish","format-standard","hentry","category-df-nyt-dk"],"_links":{"self":[{"href":"https:\/\/df-nyt.dk\/blog\/wp-json\/wp\/v2\/posts\/13090","targetHints":{"allow":["GET"]}}],"collection":[{"href":"https:\/\/df-nyt.dk\/blog\/wp-json\/wp\/v2\/posts"}],"about":[{"href":"https:\/\/df-nyt.dk\/blog\/wp-json\/wp\/v2\/types\/post"}],"author":[{"embeddable":true,"href":"https:\/\/df-nyt.dk\/blog\/wp-json\/wp\/v2\/users\/10"}],"replies":[{"embeddable":true,"href":"https:\/\/df-nyt.dk\/blog\/wp-json\/wp\/v2\/comments?post=13090"}],"version-history":[{"count":0,"href":"https:\/\/df-nyt.dk\/blog\/wp-json\/wp\/v2\/posts\/13090\/revisions"}],"wp:attachment":[{"href":"https:\/\/df-nyt.dk\/blog\/wp-json\/wp\/v2\/media?parent=13090"}],"wp:term":[{"taxonomy":"category","embeddable":true,"href":"https:\/\/df-nyt.dk\/blog\/wp-json\/wp\/v2\/categories?post=13090"},{"taxonomy":"post_tag","embeddable":true,"href":"https:\/\/df-nyt.dk\/blog\/wp-json\/wp\/v2\/tags?post=13090"}],"curies":[{"name":"wp","href":"https:\/\/api.w.org\/{rel}","templated":true}]}}