{"id":13136,"date":"2010-12-09T16:42:33","date_gmt":"2010-12-09T15:42:33","guid":{"rendered":"http:\/\/df-nyt.dk\/?p=13136"},"modified":"2024-10-02T10:00:43","modified_gmt":"2024-10-02T08:00:43","slug":"jeg-elsker-liberal-alliance","status":"publish","type":"post","link":"https:\/\/df-nyt.dk\/blog\/jeg-elsker-liberal-alliance\/","title":{"rendered":"Jeg elsker Liberal Alliance"},"content":{"rendered":"<p><img loading=\"lazy\" decoding=\"async\" class=\"alignnone size-medium \" src=\"https:\/\/df-nyt.dk\/wp-content\/uploads\/0912201016461.png\" alt=\"\" width=\"400\" height=\"255\" \/><\/p>\n<p>Jeg elsker Liberal Alliance<br \/>\nSe dette argument, fra besk\u00e6ftigelsesministeriets hjemmeside.<\/p>\n<p>Villum Christensen, Liberal Alliance<br \/>\n-Jeg er glad for, at vi med aftalen s\u00f8rger for, at virksomhederne har mere af den n\u00f8dvendige arbejdskraft til r\u00e5dighed, samtidig med at vi nu bruger pengene p\u00e5 en mere fornuftig m\u00e5de, siger Villum Christensen.<\/p>\n<p>Liberal Alliances argument er fantastisk, set i lyset af, at man nu har sat en ny Danmarksrekord i <a href=\"https:\/\/df-nyt.dk\/sa-rundede-man-210-000-aktive-cver-pa-jobnet-dk\/\" rel=\"noopener noreferrer\" target=\"_blank\"><span style=\"text-decoration: underline\">aktive CV-er p\u00e5 webstedet jobnet.dk<\/span><\/a><\/p>\n<p>N\u00e6\u00e6- der er Dansk Folkepartis Bent B\u00f8gsted, en helt anden type, som med sit argument om &#8220;propper&#8221;, -kun kan lede tankerne mod R\u00f8dvinsreformen.<\/p>\n<p>Arbejdsmarkedsordf\u00f8rer Bent B\u00f8gsted, Dansk Folkeparti:<br \/>\n-Vi har set alt, alt for mange eksempler p\u00e5 endel\u00f8se jobs\u00f8gningskurser og d\u00e5rlig aktivering. Det s\u00e6tter vi en prop i nu. Ledige skal ud p\u00e5 rigtige arbejdspladser. Det kommer de nu. Derfor er jeg meget glad for den aftale, vi i Dansk Folkeparti i dag har indg\u00e5et med regeringen, siger Bent B\u00f8gsted.<\/p>\n<p>Reference<br \/>\nNetavisen B.T. \/\/bm.dk\/Aktuelt\/Nyheder\/Pressemeddelelser\/Arkiv\/2010\/11\/Politisk\/<br \/>\naftale\/Slut\/med\/nytteloes\/aktivering\/ledige\/skal\/ud\/paa\/virksomhederne.<br \/>\n<a href=\"https:\/\/df-nyt.dk\/sa-rundede-man-210-000-aktive-cver-pa-jobnet-dk\/\" rel=\"noopener noreferrer\" target=\"_blank\"><span style=\"text-decoration: underline\">Danmarksrekord i aktive CV-er p\u00e5 webstedet jobnet.dk<\/span><\/a><\/p>\n<p>For yderlig l\u00e6sning<\/p>\n<p><a href=\"https:\/\/df-nyt.dk\/q-populisme\/df-nyt-jobbanken\/\" target=\"_blank\" rel=\"noopener noreferrer\"><span style=\"text-decoration: underline\">Se-jobbanken-HER<\/span><\/a><br \/>\n&nbsp;<br \/>\n<a href=\"https:\/\/df-nyt.dk\/?p=12441\/\" target=\"_blank\" rel=\"noopener noreferrer\"><span style=\"text-decoration: underline\">hvorfor Tanja Lauenborg \u00a0meldte sig ud af Dansk Folkeparti<\/span><\/a><br \/>\n&nbsp;<br \/>\n<a href=\"https:\/\/df-nyt.dk\/?p=9803\/\" target=\"_blank\" rel=\"noopener noreferrer\"><span style=\"text-decoration: underline\">Og om Liberal Alliances brug af tr\u00e6kfuglen -svalen i sit logo<\/span><\/a><br \/>\n&nbsp;<\/p>\n","protected":false},"excerpt":{"rendered":"<p>Jeg elsker Liberal Alliance Se dette argument, fra besk\u00e6ftigelsesministeriets hjemmeside. Villum Christensen, Liberal Alliance -Jeg er glad for, at vi med aftalen s\u00f8rger for, at virksomhederne har mere af den n\u00f8dvendige arbejdskraft til r\u00e5dighed, samtidig med at vi nu bruger pengene p\u00e5 en mere fornuftig m\u00e5de, siger Villum Christensen. Liberal Alliances argument er fantastisk, set [&hellip;]<\/p>\n","protected":false},"author":10,"featured_media":0,"comment_status":"open","ping_status":"closed","sticky":false,"template":"","format":"standard","meta":{"footnotes":""},"categories":[1],"tags":[],"class_list":["post-13136","post","type-post","status-publish","format-standard","hentry","category-df-nyt-dk"],"_links":{"self":[{"href":"https:\/\/df-nyt.dk\/blog\/wp-json\/wp\/v2\/posts\/13136","targetHints":{"allow":["GET"]}}],"collection":[{"href":"https:\/\/df-nyt.dk\/blog\/wp-json\/wp\/v2\/posts"}],"about":[{"href":"https:\/\/df-nyt.dk\/blog\/wp-json\/wp\/v2\/types\/post"}],"author":[{"embeddable":true,"href":"https:\/\/df-nyt.dk\/blog\/wp-json\/wp\/v2\/users\/10"}],"replies":[{"embeddable":true,"href":"https:\/\/df-nyt.dk\/blog\/wp-json\/wp\/v2\/comments?post=13136"}],"version-history":[{"count":5,"href":"https:\/\/df-nyt.dk\/blog\/wp-json\/wp\/v2\/posts\/13136\/revisions"}],"predecessor-version":[{"id":105039,"href":"https:\/\/df-nyt.dk\/blog\/wp-json\/wp\/v2\/posts\/13136\/revisions\/105039"}],"wp:attachment":[{"href":"https:\/\/df-nyt.dk\/blog\/wp-json\/wp\/v2\/media?parent=13136"}],"wp:term":[{"taxonomy":"category","embeddable":true,"href":"https:\/\/df-nyt.dk\/blog\/wp-json\/wp\/v2\/categories?post=13136"},{"taxonomy":"post_tag","embeddable":true,"href":"https:\/\/df-nyt.dk\/blog\/wp-json\/wp\/v2\/tags?post=13136"}],"curies":[{"name":"wp","href":"https:\/\/api.w.org\/{rel}","templated":true}]}}