{"id":13231,"date":"2010-12-10T19:14:14","date_gmt":"2010-12-10T18:14:14","guid":{"rendered":"http:\/\/df-nyt.dk\/?p=13231"},"modified":"2025-07-14T03:05:43","modified_gmt":"2025-07-14T01:05:43","slug":"s-sf-og-r-f%c3%a6rre-skal-udst%c3%b8des-fra-arbejdsmarkedet","status":"publish","type":"post","link":"https:\/\/df-nyt.dk\/blog\/s-sf-og-r-f%c3%a6rre-skal-udst%c3%b8des-fra-arbejdsmarkedet\/","title":{"rendered":"S, SF og R: F\u00e6rre skal udst\u00f8des fra arbejdsmarkedet"},"content":{"rendered":"<p>Socialdemokraterne, SF og Radikale Venstre lancerer et samlet udspil for f\u00f8rtidspension og fleskjob.<\/p>\n<p>Udspillet best\u00e5r af seks principper, der alle stiler mod, at f\u00e6rre skal udst\u00f8des fra arbejdsmarkedet, og at forhandlingerne ikke m\u00e5 blive en spare\u00f8velse.<br \/>\nSkriver De Radikale i sin pressemeddelelse <\/p>\n<p>\u2013 og fors\u00e6tter<br \/>\n&#8220;M\u00e5let med reformen skal v\u00e6re, at f\u00e6rre f\u00e5r behov for f\u00f8rtidspension.<\/p>\n<p>Det vil b\u00e5de v\u00e6re godt for de ber\u00f8rte personer og for samfunds\u00f8konomien.<\/p>\n<p>Men det kr\u00e6ver, at vi er klar med en langt mere m\u00e5lrettet indsats af h\u00f8j kvalitet for de mange, der i dag f\u00e5r f\u00f8rtidspension.<\/p>\n<p>Hvis regeringen vil lytte til arbejdsmarkedskommissionen, handicaporganisationerne og oppositionen, s\u00e5 er der mulighed for at tage et kvantespring i kampen mod udst\u00f8delse fra arbejdsmarkedet, som er et sygdomstegn i et velf\u00e6rdssamfund, &#8221; siger Morten \u00d8stergaard, Radikale Venstres arbejdsmarkedsordf\u00f8rer.<\/p>\n<p>N\u00e5r det handler om udviklingsforl\u00f8bet der tilbydes f\u00f8rtidspensionister, s\u00e5 skal indsatsen v\u00e6re bred:<\/p>\n<p>&#8220;Vi vil lave et m\u00e5lrettet forl\u00f8b, hvor vi s\u00e6tter ind p\u00e5 alle fronter: Social, sundhed, besk\u00e6ftigelse og uddannelse.<\/p>\n<p>Her skal der v\u00e6re klare m\u00e5l, eksempelvis at man over en \u00e5rr\u00e6kke skal v\u00e6re klar til at rykke til fleksjob, revalidering eller et rigtigt job,&#8221; siger Mette Frederiksen, Socialdemokraternes socialordf\u00f8rer.<\/p>\n<p>&#8220;Vi skal forebygge nedslidning og stress langt bedre end i dag, s\u00e5 f\u00e6rre ender i fleksjob og p\u00e5 f\u00f8rtidspension. F.eks. skal unge og ufagl\u00e6rte have ordentlige udviklingsforl\u00f8b.<\/p>\n<p>Men vi skal ikke lave en reform p\u00e5 grund af akutte sparehensyn eller forringe vilk\u00e5rene for personer, der allerede er p\u00e5 f\u00f8rtidspension.<\/p>\n<p>Det er helt afg\u00f8rende, at folk, som er br\u00e6ndt ud, har en tryghed for, at de kan f\u00e5 en rimelig tilv\u00e6relse,&#8221; siger Ole Sohn, SF&#8217;s finansordf\u00f8rer.<\/p>\n<p>For yderligere kommentarer: Morten \u00d8stergaard, rvmors@ft.dk<br \/>\n\/\/www.radikale.dk\/<br \/>\nL\u00e6s flere nyheder fra de radikale der <\/p>\n","protected":false},"excerpt":{"rendered":"<p>Socialdemokraterne, SF og Radikale Venstre lancerer et samlet udspil for f\u00f8rtidspension og fleskjob. Udspillet best\u00e5r af seks principper, der alle stiler mod, at f\u00e6rre skal udst\u00f8des fra arbejdsmarkedet, og at forhandlingerne ikke m\u00e5 blive en spare\u00f8velse. Skriver De Radikale i sin pressemeddelelse \u2013 og fors\u00e6tter &#8220;M\u00e5let med reformen skal v\u00e6re, at f\u00e6rre f\u00e5r behov for [&hellip;]<\/p>\n","protected":false},"author":10,"featured_media":0,"comment_status":"open","ping_status":"closed","sticky":false,"template":"","format":"standard","meta":{"footnotes":""},"categories":[1],"tags":[],"class_list":["post-13231","post","type-post","status-publish","format-standard","hentry","category-df-nyt-dk"],"_links":{"self":[{"href":"https:\/\/df-nyt.dk\/blog\/wp-json\/wp\/v2\/posts\/13231","targetHints":{"allow":["GET"]}}],"collection":[{"href":"https:\/\/df-nyt.dk\/blog\/wp-json\/wp\/v2\/posts"}],"about":[{"href":"https:\/\/df-nyt.dk\/blog\/wp-json\/wp\/v2\/types\/post"}],"author":[{"embeddable":true,"href":"https:\/\/df-nyt.dk\/blog\/wp-json\/wp\/v2\/users\/10"}],"replies":[{"embeddable":true,"href":"https:\/\/df-nyt.dk\/blog\/wp-json\/wp\/v2\/comments?post=13231"}],"version-history":[{"count":3,"href":"https:\/\/df-nyt.dk\/blog\/wp-json\/wp\/v2\/posts\/13231\/revisions"}],"predecessor-version":[{"id":109017,"href":"https:\/\/df-nyt.dk\/blog\/wp-json\/wp\/v2\/posts\/13231\/revisions\/109017"}],"wp:attachment":[{"href":"https:\/\/df-nyt.dk\/blog\/wp-json\/wp\/v2\/media?parent=13231"}],"wp:term":[{"taxonomy":"category","embeddable":true,"href":"https:\/\/df-nyt.dk\/blog\/wp-json\/wp\/v2\/categories?post=13231"},{"taxonomy":"post_tag","embeddable":true,"href":"https:\/\/df-nyt.dk\/blog\/wp-json\/wp\/v2\/tags?post=13231"}],"curies":[{"name":"wp","href":"https:\/\/api.w.org\/{rel}","templated":true}]}}