{"id":13241,"date":"2010-12-11T17:47:53","date_gmt":"2010-12-11T16:47:53","guid":{"rendered":"http:\/\/df-nyt.dk\/?p=13241"},"modified":"2025-09-14T08:50:04","modified_gmt":"2025-09-14T06:50:04","slug":"jobcenter-chef-ingen-d%c3%b8de-og-sarede","status":"publish","type":"post","link":"https:\/\/df-nyt.dk\/blog\/jobcenter-chef-ingen-d%c3%b8de-og-sarede\/","title":{"rendered":"Jobcenter-chef: Ingen d\u00f8de og s\u00e5rede"},"content":{"rendered":"<p><img loading=\"lazy\" decoding=\"async\" class=\"alignleft size-full \" title=\"111220101745\" src=\"https:\/\/df-nyt.dk\/\/wp-content\/uploads\/111220101745.png\" alt=\"\" width=\"267\" height=\"144\" \/><br \/>\nJobcenter-chef, Ingen d\u00f8de og s\u00e5rede<br \/>\nDen \u00f8konomisk lukrative fitness-aktivering af syge borgere boomer i Svendborg.<\/p>\n<p>Tildeling af f\u00f8rtidspensioner til syge borgere styrtdykker.<br \/>\nBegge dele er godt \u2013 if\u00f8lge kommunens \u00f8konomirapport.<\/p>\n<p>Fagforbundet 3Fs pressemeddelelser har i denne uge sat kritisk spotlight p\u00e5 Jobcenter Svendborg <\/p>\n<p>\u2013og med tal fra Arbejdsmarkedsstyrelsen p\u00e5vist en eksplosiv stigning i antallet af sygemeldte borgere, som Jobcentret sender i fitness-tr\u00e6ning hos de private firmaer Falck og Quick Care i motionscentret i Vestergade.<\/p>\n<p>Nyhedsbrevet har trukket nye, kritisable personsager frem i lyset \u2013 s\u00e5dan som Svendborgs NetAvis har gjort det i flere m\u00e5neder.<\/p>\n<p>Jobcenter-chef Birgit Bagge siger til Nyhedsbrevet om en af sagerne: Og s\u00e5 er det heller ikke v\u00e6rre. Der var ingen d\u00f8de og s\u00e5rede. Den sag, hvor der ikke var nogen d\u00f8de eller s\u00e5rede, handler om 53-\u00e5rige Gitte Nielsen, som var g\u00e5et i glemmebogen hos Jobcenter Svendborg.<\/p>\n<p>P\u00e5 16 m\u00e5neder er hun ikke kommet et skridt n\u00e6rmere et job, selv om hun meget gerne ville, skriver Nyhedsbrevet. Hun rykkede selv flere gange Jobcentret, men f\u00f8rst knap et halvt \u00e5r efter sin sygemelding kom hun til m\u00f8de.<\/p>\n<p>Hverken Gitte Nielsen eller hendes bisidder fra 3F fattede, hvad sagsbehandleren snakkede om p\u00e5 m\u00f8det \u2013 det viste sig, at sagsbehandleren slet ikke sad med Gitte Nielsens papirer, men med en anden persons.<\/p>\n<p>Det er den h\u00e6ndelse, Jobcenterchef Birgit Bagge har erkendt ikke er tilfredsstillende.<br \/>\nOg Nyhedsbrevet citerer hende for at sige: Sagsbehandleren sad med en l\u00e6geerkl\u00e6ring,<br \/>\nsom ikke h\u00f8rte til i den konkrete sag.<\/p>\n<p>Det har vi beklaget meget.<br \/>\nOg det er alts\u00e5, hvad der sker.<\/p>\n<p>Og s\u00e5 er det heller ikke v\u00e6rre.<br \/>\nDer var ingen d\u00f8de og s\u00e5rede.<\/p>\n<p>Gitte Nielsen, tidligere reng\u00f8ringsassistent, har v\u00e6ret sygemeldt siden august 2009 med leddegigt og slidgigt i kn\u00e6, h\u00e6nder og skulder. Skriver Frede Jakobsen p\u00e5 Svendborg NetAvis<\/p>\n<p>Reference<br \/>\nHjemmesiden, \/\/svendborgsnetavis.dk<br \/>\n\/\/svendborgsnetavis.dk \/fitness-aktivering-boomer-i-svendborg<\/p>\n<p>For yderlig l\u00e6sning<\/p>\n<p><a href=\"https:\/\/df-nyt.dk\/jobcentrets-fejl-den-syge-borgers-ulykke\/\" target=\"_blank\" rel=\"noopener noreferrer\"><span style=\"text-decoration: underline;\">\/\/jobcentrets-fejl-den-syge-borgers-ulykke\/<\/span><\/a><br \/>\n&nbsp;<\/p>\n","protected":false},"excerpt":{"rendered":"<p>Jobcenter-chef, Ingen d\u00f8de og s\u00e5rede Den \u00f8konomisk lukrative fitness-aktivering af syge borgere boomer i Svendborg. Tildeling af f\u00f8rtidspensioner til syge borgere styrtdykker. Begge dele er godt \u2013 if\u00f8lge kommunens \u00f8konomirapport. Fagforbundet 3Fs pressemeddelelser har i denne uge sat kritisk spotlight p\u00e5 Jobcenter Svendborg \u2013og med tal fra Arbejdsmarkedsstyrelsen p\u00e5vist en eksplosiv stigning i antallet af [&hellip;]<\/p>\n","protected":false},"author":10,"featured_media":0,"comment_status":"open","ping_status":"closed","sticky":false,"template":"","format":"standard","meta":{"footnotes":""},"categories":[1],"tags":[],"class_list":["post-13241","post","type-post","status-publish","format-standard","hentry","category-df-nyt-dk"],"_links":{"self":[{"href":"https:\/\/df-nyt.dk\/blog\/wp-json\/wp\/v2\/posts\/13241","targetHints":{"allow":["GET"]}}],"collection":[{"href":"https:\/\/df-nyt.dk\/blog\/wp-json\/wp\/v2\/posts"}],"about":[{"href":"https:\/\/df-nyt.dk\/blog\/wp-json\/wp\/v2\/types\/post"}],"author":[{"embeddable":true,"href":"https:\/\/df-nyt.dk\/blog\/wp-json\/wp\/v2\/users\/10"}],"replies":[{"embeddable":true,"href":"https:\/\/df-nyt.dk\/blog\/wp-json\/wp\/v2\/comments?post=13241"}],"version-history":[{"count":3,"href":"https:\/\/df-nyt.dk\/blog\/wp-json\/wp\/v2\/posts\/13241\/revisions"}],"predecessor-version":[{"id":109926,"href":"https:\/\/df-nyt.dk\/blog\/wp-json\/wp\/v2\/posts\/13241\/revisions\/109926"}],"wp:attachment":[{"href":"https:\/\/df-nyt.dk\/blog\/wp-json\/wp\/v2\/media?parent=13241"}],"wp:term":[{"taxonomy":"category","embeddable":true,"href":"https:\/\/df-nyt.dk\/blog\/wp-json\/wp\/v2\/categories?post=13241"},{"taxonomy":"post_tag","embeddable":true,"href":"https:\/\/df-nyt.dk\/blog\/wp-json\/wp\/v2\/tags?post=13241"}],"curies":[{"name":"wp","href":"https:\/\/api.w.org\/{rel}","templated":true}]}}