{"id":13275,"date":"2010-12-12T21:02:30","date_gmt":"2010-12-12T20:02:30","guid":{"rendered":"http:\/\/df-nyt.dk\/?p=13275"},"modified":"2010-12-13T03:19:41","modified_gmt":"2010-12-13T02:19:41","slug":"afvist-asylans%c3%b8ger-d%c3%b8d-i-dansk-asylcenter","status":"publish","type":"post","link":"https:\/\/df-nyt.dk\/blog\/afvist-asylans%c3%b8ger-d%c3%b8d-i-dansk-asylcenter\/","title":{"rendered":"Afvist asylans\u00f8ger d\u00f8d i dansk asylcenter"},"content":{"rendered":"<p><strong><a href=\"https:\/\/df-nyt.dk\/blog\/wp-content\/uploads\/121220102056.png\"><img loading=\"lazy\" decoding=\"async\" class=\"alignleft size-full wp-image-13276\" title=\"121220102056\" src=\"https:\/\/df-nyt.dk\/blog\/wp-content\/uploads\/121220102056.png\" alt=\"\" width=\"229\" height=\"219\" \/><\/a><\/strong><\/p>\n<p><strong>Ung afvist asylans\u00f8ger er idag fundet d\u00f8d i dansk asylcenter.<\/strong><\/p>\n<p>af Margrethe S. Hansen<strong> <\/strong><\/p>\n<p>Selvmord p\u00e5 grund af frygt for tvangsudvisning angives som mulig \u00e5rsag.<\/p>\n<p>En ung afvist kurdisk asylans\u00f8ger er tidligere i dag blevet fundet d\u00f8d p\u00e5 sit v\u00e6relse i Auder\u00f8d Asylcenter.<\/p>\n<p>Det oplyser kilder med t\u00e6t forbindelse til de afviste kurdere, som tidligere p\u00e5 \u00e5ret sultestrejkede foran Christiansborg.<\/p>\n<p><strong>Alt tyder p\u00e5 at der er tale om et selvmord.<\/strong><\/p>\n<p><strong>Den unge kurder blev 26 \u00e5r &#8230; [&#8230;]<\/strong><\/p>\n<p><strong>Det er ikke f\u00f8rste gang at frygt &#8230;<\/strong><\/p>\n<p><strong><a href=\"http:\/\/www.p77.dk\/samfund-mennesker\/62-mennesker\/357-afvist-asylansoger-dod-i-dansk-asylcenter\">L\u00e6s mere p\u00e5 Netavisen P77 &#8211; HER<\/a><\/strong><\/p>\n<p><strong>***********************************<\/strong><br \/>\n<strong>L\u00e6s ogs\u00e5:<\/strong><\/p>\n<p><strong><a href=\"http:\/\/df-nyt.dk\/?p=9788\">203 gange har den Europ\u00e6iske menneskerettighedsdomstol grebet ind<\/a><\/strong><\/p>\n<p><strong>OG:<\/strong><\/p>\n<p><strong><a href=\"http:\/\/df-nyt.dk\/?p=9693\">P\u00e5 flugt i Europa, strandet p\u00e5 Christiansborgs slotsplads <\/a><\/strong><\/p>\n<p><strong>********************************************************** <\/strong><\/p>\n<p><strong> <\/strong><\/p>\n","protected":false},"excerpt":{"rendered":"<p>Ung afvist asylans\u00f8ger er idag fundet d\u00f8d i dansk asylcenter. af Margrethe S. Hansen Selvmord p\u00e5 grund af frygt for tvangsudvisning angives som mulig \u00e5rsag. En ung afvist kurdisk asylans\u00f8ger er tidligere i dag blevet fundet d\u00f8d p\u00e5 sit v\u00e6relse i Auder\u00f8d Asylcenter. Det oplyser kilder med t\u00e6t forbindelse til de afviste kurdere, som tidligere [&hellip;]<\/p>\n","protected":false},"author":10,"featured_media":0,"comment_status":"open","ping_status":"closed","sticky":false,"template":"","format":"standard","meta":{"footnotes":""},"categories":[1],"tags":[],"class_list":["post-13275","post","type-post","status-publish","format-standard","hentry","category-df-nyt-dk"],"_links":{"self":[{"href":"https:\/\/df-nyt.dk\/blog\/wp-json\/wp\/v2\/posts\/13275","targetHints":{"allow":["GET"]}}],"collection":[{"href":"https:\/\/df-nyt.dk\/blog\/wp-json\/wp\/v2\/posts"}],"about":[{"href":"https:\/\/df-nyt.dk\/blog\/wp-json\/wp\/v2\/types\/post"}],"author":[{"embeddable":true,"href":"https:\/\/df-nyt.dk\/blog\/wp-json\/wp\/v2\/users\/10"}],"replies":[{"embeddable":true,"href":"https:\/\/df-nyt.dk\/blog\/wp-json\/wp\/v2\/comments?post=13275"}],"version-history":[{"count":0,"href":"https:\/\/df-nyt.dk\/blog\/wp-json\/wp\/v2\/posts\/13275\/revisions"}],"wp:attachment":[{"href":"https:\/\/df-nyt.dk\/blog\/wp-json\/wp\/v2\/media?parent=13275"}],"wp:term":[{"taxonomy":"category","embeddable":true,"href":"https:\/\/df-nyt.dk\/blog\/wp-json\/wp\/v2\/categories?post=13275"},{"taxonomy":"post_tag","embeddable":true,"href":"https:\/\/df-nyt.dk\/blog\/wp-json\/wp\/v2\/tags?post=13275"}],"curies":[{"name":"wp","href":"https:\/\/api.w.org\/{rel}","templated":true}]}}