{"id":13309,"date":"2010-12-13T18:41:46","date_gmt":"2010-12-13T17:41:46","guid":{"rendered":"http:\/\/df-nyt.dk\/?p=13309"},"modified":"2024-10-16T21:09:43","modified_gmt":"2024-10-16T19:09:43","slug":"europ%c3%a6iske-borgere-kan-snart-tage-initiativet","status":"publish","type":"post","link":"https:\/\/df-nyt.dk\/blog\/europ%c3%a6iske-borgere-kan-snart-tage-initiativet\/","title":{"rendered":"Europ\u00e6iske borgere kan snart tage initiativet"},"content":{"rendered":"<p><img loading=\"lazy\" decoding=\"async\" class=\"alignnone size-full \" src=\"https:\/\/df-nyt.dk\/\/wp-content\/uploads\/131220101839.png\" alt=\"\" width=\"271\" height=\"38\" \/><\/p>\n<p>Med 1 million underskrifter i h\u00e5nden kan europ\u00e6iske borgere f\u00e5 direkte indflydelse p\u00e5 de beslutninger der tr\u00e6ffes i EU. <\/p>\n<p>S\u00e5dan er tanken bag det nye borgerinitiativ, som omsider skal til afstemning. Skriver man i Margrete Aukens pressemeddelelse<\/p>\n<p>\u2013og forts\u00e6tter<br \/>\nHvor gammel skal man v\u00e6re for at skrive under, og hvad skal der ske efter et initiativ er landet p\u00e5 kommissionens bord?<\/p>\n<p>Det er blot nogle af de sp\u00f8rgsm\u00e5l, som har skabt uenighed mellem Parlamentet og R\u00e5det.<\/p>\n<p>Kommissionens oprindelige forslag var alt for sn\u00e6vert og bureaukratisk, men nu ser det ud til at Parlamentets kamp for at give borgerne direkte indflydelse omsider b\u00e6rer frugt.<\/p>\n<p>Allerede f\u00f8r den endelige lovgivning er p\u00e5 plads, har Greenpeace og borgerorganisationen, Avaaz, benyttet sig af borgerinitiativet og indsamlet \u00e9n million underskrifter om et midlertidigt forbud mod gmo-afgr\u00f8der.<\/p>\n<p>Kommissionen har dog rejst tvivl om, hvorvidt initiativet opfylder de n\u00f8dvendige betingelser.<br \/>\nAt der allerede er landet et initiativ p\u00e5 bordet, tyder p\u00e5 at borgerinitiativet kan blive et demokratisk redskab, som borgerne rent faktisk \u00f8nsker at bruge. Skriver SF i deres EU-pressemeddelelse<br \/>\n&nbsp;<br \/>\n<a href=\"https:\/\/df-nyt.dk\/borgerinitiativet-right-to-water\/\" target=\"_blank\" rel=\"noopener noreferrer\"><span style=\"text-decoration: underline\">Du kan l\u00e6se mere om\u00a0Borgerinitiativet, Right to Water! HER<\/span><\/a><br \/>\n&nbsp;<br \/>\n<a href=\"https:\/\/sf.dk\/\" rel=\"noopener noreferrer\" target=\"_blank\"><span style=\"text-decoration: underline\"> Seneste nyt fra SF<\/span><\/a><br \/>\n&nbsp;<\/p>\n","protected":false},"excerpt":{"rendered":"<p>Med 1 million underskrifter i h\u00e5nden kan europ\u00e6iske borgere f\u00e5 direkte indflydelse p\u00e5 de beslutninger der tr\u00e6ffes i EU. S\u00e5dan er tanken bag det nye borgerinitiativ, som omsider skal til afstemning. Skriver man i Margrete Aukens pressemeddelelse \u2013og forts\u00e6tter Hvor gammel skal man v\u00e6re for at skrive under, og hvad skal der ske efter et [&hellip;]<\/p>\n","protected":false},"author":10,"featured_media":0,"comment_status":"open","ping_status":"closed","sticky":false,"template":"","format":"standard","meta":{"footnotes":""},"categories":[1],"tags":[],"class_list":["post-13309","post","type-post","status-publish","format-standard","hentry","category-df-nyt-dk"],"_links":{"self":[{"href":"https:\/\/df-nyt.dk\/blog\/wp-json\/wp\/v2\/posts\/13309","targetHints":{"allow":["GET"]}}],"collection":[{"href":"https:\/\/df-nyt.dk\/blog\/wp-json\/wp\/v2\/posts"}],"about":[{"href":"https:\/\/df-nyt.dk\/blog\/wp-json\/wp\/v2\/types\/post"}],"author":[{"embeddable":true,"href":"https:\/\/df-nyt.dk\/blog\/wp-json\/wp\/v2\/users\/10"}],"replies":[{"embeddable":true,"href":"https:\/\/df-nyt.dk\/blog\/wp-json\/wp\/v2\/comments?post=13309"}],"version-history":[{"count":2,"href":"https:\/\/df-nyt.dk\/blog\/wp-json\/wp\/v2\/posts\/13309\/revisions"}],"predecessor-version":[{"id":105708,"href":"https:\/\/df-nyt.dk\/blog\/wp-json\/wp\/v2\/posts\/13309\/revisions\/105708"}],"wp:attachment":[{"href":"https:\/\/df-nyt.dk\/blog\/wp-json\/wp\/v2\/media?parent=13309"}],"wp:term":[{"taxonomy":"category","embeddable":true,"href":"https:\/\/df-nyt.dk\/blog\/wp-json\/wp\/v2\/categories?post=13309"},{"taxonomy":"post_tag","embeddable":true,"href":"https:\/\/df-nyt.dk\/blog\/wp-json\/wp\/v2\/tags?post=13309"}],"curies":[{"name":"wp","href":"https:\/\/api.w.org\/{rel}","templated":true}]}}