{"id":13413,"date":"2010-12-15T12:26:41","date_gmt":"2010-12-15T11:26:41","guid":{"rendered":"http:\/\/df-nyt.dk\/?p=13413"},"modified":"2025-06-26T05:49:53","modified_gmt":"2025-06-26T03:49:53","slug":"regeringen-kriminaliserer-danmarks-unge","status":"publish","type":"post","link":"https:\/\/df-nyt.dk\/blog\/regeringen-kriminaliserer-danmarks-unge\/","title":{"rendered":"Regeringen kriminaliserer Danmarks unge"},"content":{"rendered":"<p><img loading=\"lazy\" decoding=\"async\" class=\"alignleft size-full\" title=\"210720101351\" src=\"https:\/\/df-nyt.dk\/blog\/wp-content\/uploads\/210720101351.png\" width=\"150\" height=\"150\" \/><\/p>\n<p>I dagens medier kan man h\u00f8re landets betjente bekr\u00e6fte vores v\u00e6rste anelser. Skriver de Radikale i sin pressemeddelelse<\/p>\n<p>&#8211;\u00a0Og forts\u00e6tter:<br \/>\nRegeringens s\u00e6nkelse af den kriminelle lavalder har ikke haft nogen pr\u00e6ventiv effekt.<\/p>\n<p>Tv\u00e6rtimod bliver Danmarks unge blot mere kriminaliserede.<br \/>\nRegeringens fremgangsm\u00e5de er r\u00e6dselsfuld, mener Radikale Venstres retsordf\u00f8rer, Lone Dybkj\u00e6r, der kalder p\u00e5 mere forebyggelse.<\/p>\n<p>&#8220;Regeringen har kun \u00e9n ting i hoved, og det er straf.<br \/>\nLige siden de satte sig i ministerkontorerne, har Venstre og Konservative troet, at de kunne straffe sig ud af sociale problemer blandt unge.<\/p>\n<p>Dagens udmelding fra landets betjente er blot endnu en p\u00e5mindelse om, hvor r\u00e6dselsfuld regeringens bes\u00e6ttelse af at s\u00e6tte folk i f\u00e6ngsel er.<\/p>\n<p>S\u00e6nkelsen af den kriminelle lavalder er den direkte \u00e5rsag til, at Danmarks unge i stigende grad vil blive kriminaliserede.<\/p>\n<p>Det n\u00e6ste bliver vel, at man vil smide sp\u00e6db\u00f8rn bag tremmer,&#8221; siger Lone Dybkj\u00e6r.<\/p>\n<p>Hun mener derimod, at forebyggelse vil v\u00e6re langt mere effektivt:<\/p>\n<p>&#8220;Det eneste der kan forhindre, at flere unge mennesker bliver fristet af en kriminel l\u00f8bebane, er forebyggelse, forebyggelse og atter forebyggelse.<\/p>\n<p>D\u00e9t er eksperternes anbefaling.<br \/>\nUddannelse og arbejde er de bedste v\u00e6rn mod kriminalitet, ikke at sende b\u00f8rn i f\u00e6ngsel,&#8221; siger Lone Dybkj\u00e6r.<\/p>\n<p>\/\/.radikale.dk\/CMS\/forside04.aspx?SiteID=1&#8243;<br \/>\nSkriver de radikale i sin pressemeddelelse &#8211; Du kan l\u00e6se flere nyheder DER <\/p>\n","protected":false},"excerpt":{"rendered":"<p>I dagens medier kan man h\u00f8re landets betjente bekr\u00e6fte vores v\u00e6rste anelser. Skriver de Radikale i sin pressemeddelelse &#8211;\u00a0Og forts\u00e6tter: Regeringens s\u00e6nkelse af den kriminelle lavalder har ikke haft nogen pr\u00e6ventiv effekt. Tv\u00e6rtimod bliver Danmarks unge blot mere kriminaliserede. Regeringens fremgangsm\u00e5de er r\u00e6dselsfuld, mener Radikale Venstres retsordf\u00f8rer, Lone Dybkj\u00e6r, der kalder p\u00e5 mere forebyggelse. &#8220;Regeringen [&hellip;]<\/p>\n","protected":false},"author":10,"featured_media":0,"comment_status":"open","ping_status":"closed","sticky":false,"template":"","format":"standard","meta":{"footnotes":""},"categories":[1],"tags":[],"class_list":["post-13413","post","type-post","status-publish","format-standard","hentry","category-df-nyt-dk"],"_links":{"self":[{"href":"https:\/\/df-nyt.dk\/blog\/wp-json\/wp\/v2\/posts\/13413","targetHints":{"allow":["GET"]}}],"collection":[{"href":"https:\/\/df-nyt.dk\/blog\/wp-json\/wp\/v2\/posts"}],"about":[{"href":"https:\/\/df-nyt.dk\/blog\/wp-json\/wp\/v2\/types\/post"}],"author":[{"embeddable":true,"href":"https:\/\/df-nyt.dk\/blog\/wp-json\/wp\/v2\/users\/10"}],"replies":[{"embeddable":true,"href":"https:\/\/df-nyt.dk\/blog\/wp-json\/wp\/v2\/comments?post=13413"}],"version-history":[{"count":4,"href":"https:\/\/df-nyt.dk\/blog\/wp-json\/wp\/v2\/posts\/13413\/revisions"}],"predecessor-version":[{"id":108244,"href":"https:\/\/df-nyt.dk\/blog\/wp-json\/wp\/v2\/posts\/13413\/revisions\/108244"}],"wp:attachment":[{"href":"https:\/\/df-nyt.dk\/blog\/wp-json\/wp\/v2\/media?parent=13413"}],"wp:term":[{"taxonomy":"category","embeddable":true,"href":"https:\/\/df-nyt.dk\/blog\/wp-json\/wp\/v2\/categories?post=13413"},{"taxonomy":"post_tag","embeddable":true,"href":"https:\/\/df-nyt.dk\/blog\/wp-json\/wp\/v2\/tags?post=13413"}],"curies":[{"name":"wp","href":"https:\/\/api.w.org\/{rel}","templated":true}]}}