{"id":13417,"date":"2010-12-15T14:38:38","date_gmt":"2010-12-15T13:38:38","guid":{"rendered":"http:\/\/df-nyt.dk\/?p=13417"},"modified":"2026-02-14T20:10:59","modified_gmt":"2026-02-14T19:10:59","slug":"pia-kjaersgaard-ville-ikke-debatere-arbejdsloses-vilkar-i-tv2","status":"publish","type":"post","link":"https:\/\/df-nyt.dk\/blog\/pia-kjaersgaard-ville-ikke-debatere-arbejdsloses-vilkar-i-tv2\/","title":{"rendered":"Pia Kj\u00e6rsgaard ville ikke debatere arbejdsl\u00f8ses vilk\u00e5r i TV2"},"content":{"rendered":"<p>Pia Kj\u00e6rsgaard ville ikke debattere arbejdsl\u00f8ses vilk\u00e5r i TV2<br \/>\nJohanne Schmidt-Nielsen: Da partileder-dueller er kommet p\u00e5 mode, spurgte TV2 nyhederne ig\u00e5r, hvilken partiformand jeg kunne t\u00e6nke mig en debat med.<\/p>\n<p><img loading=\"lazy\" decoding=\"async\" class=\"alignnone size-full \" title=\"151220101422\" src=\"https:\/\/df-nyt.dk\/\/wp-content\/uploads\/151220101422.png\" alt=\"\" width=\"576\" height=\"126\" \/><br \/>\n<img loading=\"lazy\" decoding=\"async\" class=\"alignleft \" src=\"https:\/\/df-nyt.dk\/wp-content\/uploads\/150801062010.png\" alt=\"\" width=\"130\" height=\"174\" \/><br \/>\n&nbsp;<br \/>\nJeg udfordrede Pia Kj\u00e6rsgaard til en debat om de arbejdsl\u00f8ses vilk\u00e5r.<\/p>\n<p>Hvilket hun takkede p\u00e6nt nej.<br \/>\nFej er vist det rette ord<\/p>\n<p>Skriver Johanne Schmidt-Nielsen p\u00e5 sin FaceBook status.<\/p>\n<p>Det viste mange sikkert godt i forvejen.<br \/>\nEkstrabladet har haft det &#8216;malet&#8217; over en hel forside.<\/p>\n<p>For yderlig l\u00e6sning<\/p>\n<p><a href=\"https:\/\/df-nyt.dk\/?p=12903\" target=\"_blank\" rel=\"noopener noreferrer\"><span style=\"text-decoration: underline;\">Over 400 s\u00f8gte samme job hos FynBus<\/span><\/a><br \/>\n&nbsp;<br \/>\n<a href=\"https:\/\/df-nyt.dk\/?p=13444\" target=\"_blank\" rel=\"noopener noreferrer\"><span style=\"text-decoration: underline;\">Kontanthj\u00e6lpsloft og starthj\u00e6lp virker ikke, men \u00f8del\u00e6gger menneskers liv<\/span><\/a><br \/>\n&nbsp;<\/p>\n","protected":false},"excerpt":{"rendered":"<p>Pia Kj\u00e6rsgaard ville ikke debattere arbejdsl\u00f8ses vilk\u00e5r i TV2 Johanne Schmidt-Nielsen: Da partileder-dueller er kommet p\u00e5 mode, spurgte TV2 nyhederne ig\u00e5r, hvilken partiformand jeg kunne t\u00e6nke mig en debat med. &nbsp; Jeg udfordrede Pia Kj\u00e6rsgaard til en debat om de arbejdsl\u00f8ses vilk\u00e5r. Hvilket hun takkede p\u00e6nt nej. Fej er vist det rette ord Skriver Johanne [&hellip;]<\/p>\n","protected":false},"author":10,"featured_media":0,"comment_status":"open","ping_status":"closed","sticky":false,"template":"","format":"standard","meta":{"footnotes":""},"categories":[1],"tags":[],"class_list":["post-13417","post","type-post","status-publish","format-standard","hentry","category-df-nyt-dk"],"_links":{"self":[{"href":"https:\/\/df-nyt.dk\/blog\/wp-json\/wp\/v2\/posts\/13417","targetHints":{"allow":["GET"]}}],"collection":[{"href":"https:\/\/df-nyt.dk\/blog\/wp-json\/wp\/v2\/posts"}],"about":[{"href":"https:\/\/df-nyt.dk\/blog\/wp-json\/wp\/v2\/types\/post"}],"author":[{"embeddable":true,"href":"https:\/\/df-nyt.dk\/blog\/wp-json\/wp\/v2\/users\/10"}],"replies":[{"embeddable":true,"href":"https:\/\/df-nyt.dk\/blog\/wp-json\/wp\/v2\/comments?post=13417"}],"version-history":[{"count":5,"href":"https:\/\/df-nyt.dk\/blog\/wp-json\/wp\/v2\/posts\/13417\/revisions"}],"predecessor-version":[{"id":111823,"href":"https:\/\/df-nyt.dk\/blog\/wp-json\/wp\/v2\/posts\/13417\/revisions\/111823"}],"wp:attachment":[{"href":"https:\/\/df-nyt.dk\/blog\/wp-json\/wp\/v2\/media?parent=13417"}],"wp:term":[{"taxonomy":"category","embeddable":true,"href":"https:\/\/df-nyt.dk\/blog\/wp-json\/wp\/v2\/categories?post=13417"},{"taxonomy":"post_tag","embeddable":true,"href":"https:\/\/df-nyt.dk\/blog\/wp-json\/wp\/v2\/tags?post=13417"}],"curies":[{"name":"wp","href":"https:\/\/api.w.org\/{rel}","templated":true}]}}