{"id":13444,"date":"2010-12-15T19:19:11","date_gmt":"2010-12-15T18:19:11","guid":{"rendered":"http:\/\/df-nyt.dk\/?p=13444"},"modified":"2018-03-13T06:24:12","modified_gmt":"2018-03-13T05:24:12","slug":"kontanthjaelpsloft-og-starthjaelp-virker-ikke-men-odelaegger-menneskers-liv","status":"publish","type":"post","link":"https:\/\/df-nyt.dk\/blog\/kontanthjaelpsloft-og-starthjaelp-virker-ikke-men-odelaegger-menneskers-liv\/","title":{"rendered":"Kontanthj\u00e6lpsloft og starthj\u00e6lp virker ikke, men \u00f8del\u00e6gger menneskers liv"},"content":{"rendered":"<p><strong>Kontanthj\u00e6lpsloft og starthj\u00e6lp virker ikke, men \u00f8del\u00e6gger menneskers liv<\/strong><\/p>\n<p><em><a href=\"https:\/\/df-nyt.dk\/blog\/wp-content\/uploads\/151220101917.png\"><img loading=\"lazy\" decoding=\"async\" class=\"alignleft size-full wp-image-13445\" title=\"151220101917\" src=\"https:\/\/df-nyt.dk\/blog\/wp-content\/uploads\/151220101917.png\" alt=\"\" width=\"292\" height=\"89\" \/><\/a><\/em><\/p>\n<p><em>\u201dStarthj\u00e6lp og kontanthj\u00e6lpsloftet skulle f\u00e5 modtagerne i arbejde ved at give et st\u00f8rre incitament til job.<\/em><\/p>\n<p><em>Men lave ydelser f\u00e5r ikke modtagerne i arbejde.<\/em><\/p>\n<p><em>De rammer tv\u00e6rtimod mennesker, der er syge og tager modet fra folk.<\/em><\/p>\n<p><em>Konsekvensen er fattigdom, som \u00f8del\u00e6gger menneskernes liv.<\/em><\/p>\n<p><em>R\u00e5det for Socialt Udsatte mener derfor, at starthj\u00e6lpen og kontanthj\u00e6lpsloftet skal afskaffes.\u201d<\/em><\/p>\n<p>I rapporterne dokumenteres det, at halvdelen af modtagerne af de laveste kontanthj\u00e6lpsydelser har d\u00e5rligt helbred.<\/p>\n<p>De bliver ikke raske af, at kontanthj\u00e6lpen bliver sat ned, og de kommer heller ikke i job.<\/p>\n<p>Halvdelen af modtagerne har ingen uddannelse og mangler kvalifikationerne til at f\u00e5 et arbejde.<\/p>\n<p>\u201dGenopretningspakken&#8221;, som Dansk Folkeparti og regeringen fremlagde, hj\u00e6lper ikke de d\u00e5rligst stillede kontanthj\u00e6lpsmodtager p\u00e5 fode igen, men virker kun som et spark ud i yderligere problemer og fattigdom.<\/p>\n<p>Jeg kan godt forst\u00e5 at Dansk Folkeparti og Pia Kj\u00e6rsgaard &#8211; har en manglende lyst til at debatere arbejdsl\u00f8ses vilk\u00e5r i en direkte udsendelse p\u00e5 TV2. med Enhedslistens Johanne Schmidt-Nielsen.<\/p>\n<p><a href=\"http:\/\/df-nyt.dk\/?p=13417\" target=\"_blank\"><span style=\"text-decoration: underline;\"><strong>L\u00e6s det HER <\/strong><\/span><\/a><\/p>\n<p>&nbsp;<br \/>\n<strong>L\u00e6s ogs\u00e5:<\/strong><a href=\"http:\/\/df-nyt.dk\/?p=12095\" target=\"_blank\"><span style=\"text-decoration: underline;\"><strong>\u2019TAK FOR denne behandling efter 30 \u00e5r som skatteyder.\u2019<\/strong><\/span><\/a><\/p>\n<p>&nbsp;<\/p>\n","protected":false},"excerpt":{"rendered":"<p>Kontanthj\u00e6lpsloft og starthj\u00e6lp virker ikke, men \u00f8del\u00e6gger menneskers liv \u201dStarthj\u00e6lp og kontanthj\u00e6lpsloftet skulle f\u00e5 modtagerne i arbejde ved at give et st\u00f8rre incitament til job. Men lave ydelser f\u00e5r ikke modtagerne i arbejde. De rammer tv\u00e6rtimod mennesker, der er syge og tager modet fra folk. Konsekvensen er fattigdom, som \u00f8del\u00e6gger menneskernes liv. R\u00e5det for Socialt [&hellip;]<\/p>\n","protected":false},"author":10,"featured_media":0,"comment_status":"open","ping_status":"closed","sticky":false,"template":"","format":"standard","meta":{"footnotes":""},"categories":[1],"tags":[],"class_list":["post-13444","post","type-post","status-publish","format-standard","hentry","category-df-nyt-dk"],"_links":{"self":[{"href":"https:\/\/df-nyt.dk\/blog\/wp-json\/wp\/v2\/posts\/13444","targetHints":{"allow":["GET"]}}],"collection":[{"href":"https:\/\/df-nyt.dk\/blog\/wp-json\/wp\/v2\/posts"}],"about":[{"href":"https:\/\/df-nyt.dk\/blog\/wp-json\/wp\/v2\/types\/post"}],"author":[{"embeddable":true,"href":"https:\/\/df-nyt.dk\/blog\/wp-json\/wp\/v2\/users\/10"}],"replies":[{"embeddable":true,"href":"https:\/\/df-nyt.dk\/blog\/wp-json\/wp\/v2\/comments?post=13444"}],"version-history":[{"count":0,"href":"https:\/\/df-nyt.dk\/blog\/wp-json\/wp\/v2\/posts\/13444\/revisions"}],"wp:attachment":[{"href":"https:\/\/df-nyt.dk\/blog\/wp-json\/wp\/v2\/media?parent=13444"}],"wp:term":[{"taxonomy":"category","embeddable":true,"href":"https:\/\/df-nyt.dk\/blog\/wp-json\/wp\/v2\/categories?post=13444"},{"taxonomy":"post_tag","embeddable":true,"href":"https:\/\/df-nyt.dk\/blog\/wp-json\/wp\/v2\/tags?post=13444"}],"curies":[{"name":"wp","href":"https:\/\/api.w.org\/{rel}","templated":true}]}}