{"id":13461,"date":"2010-12-16T11:48:34","date_gmt":"2010-12-16T10:48:34","guid":{"rendered":"http:\/\/df-nyt.dk\/?p=13461"},"modified":"2024-11-12T20:23:33","modified_gmt":"2024-11-12T19:23:33","slug":"r-vanvittigt-at-politiet-opfordrer-til-vold","status":"publish","type":"post","link":"https:\/\/df-nyt.dk\/blog\/r-vanvittigt-at-politiet-opfordrer-til-vold\/","title":{"rendered":"R: Vanvittigt at politiet opfordrer til vold"},"content":{"rendered":"<p><img loading=\"lazy\" decoding=\"async\" class=\"alignleft size-full \" title=\"210720101351\" src=\"https:\/\/df-nyt.dk\/blog\/wp-content\/uploads\/210720101351.png\" alt=\"\" width=\"150\" height=\"150\" \/><\/p>\n<p>Den er hel gal med kulturen i politiet, n\u00e5r en indsatsleder kan give ordrer om at t\u00e6ske l\u00f8s p\u00e5 journalister og demonstranter. Skriver de radikale i sin pressemeddelelse <\/p>\n<p>&#8211;\u00a0Og forts\u00e6tter<br \/>\nPolitiet skal ikke h\u00e5ndtere deres bef\u00f8jelse p\u00e5 den m\u00e5de, mener Radikale Venstres retsordf\u00f8rer Lone Dybkj\u00e6r, der kr\u00e6ver en forklaring fra justitsministeren.<\/p>\n<p>&#8220;Politiet har fuldst\u00e6ndig misforst\u00e5et sin rolle, n\u00e5r en indsatsleder kan g\u00e5 ind og opfordre til at t\u00e6ske l\u00f8s p\u00e5 journalister og demonstranter.<\/p>\n<p>Politiets opgave er at s\u00f8rge for, at demonstrationer kan foreg\u00e5 i s\u00e5 fredelige rammer som muligt, ikke at medvirke til at optrappe volden.<\/p>\n<p>Derfor er det ogs\u00e5 dybt forargeligt, at politidirekt\u00f8ren ikke med det samme tager afstand fra h\u00e6ndelserne.<\/p>\n<p>Det vidner om en kultur i politiet, der er l\u00f8bet helt af sporet,&#8221; siger Lone Dybkj\u00e6r.<\/p>\n<p>Hun kr\u00e6ver nu, at justitsministeren giver en forklaring:<br \/>\n&#8220;Vi har hele tiden sagt, at politiet fik alt for vide bef\u00f8jelser til klimatopm\u00f8det, og<br \/>\nlydoptagelsen viser bare, at politiet p\u00e5 ingen m\u00e5de har kunnet h\u00e5ndtere dem.<\/p>\n<p>Adf\u00e6rden er dybt uprofessionel.<\/p>\n<p>Derfor m\u00e5 vi forlange, at justitsministeren kommer med en forklaring om den konkrete sag og hele politiindsatsen i forbindelse med klimatopm\u00f8det generelt,&#8221; siger Lone Dybkj\u00e6r. I sinpressemeddelelse fra de Radikale.<\/p>\n<p><a href=\"http:\/\/www.radikale.dk\/\" target=\"_blank\" rel=\"noopener\"><span style=\"text-decoration: underline;\">L\u00e6s flere nyheder fra de Radikale &#8230; HER <\/span><\/a><\/p>\n","protected":false},"excerpt":{"rendered":"<p>Den er hel gal med kulturen i politiet, n\u00e5r en indsatsleder kan give ordrer om at t\u00e6ske l\u00f8s p\u00e5 journalister og demonstranter. Skriver de radikale i sin pressemeddelelse &#8211;\u00a0Og forts\u00e6tter Politiet skal ikke h\u00e5ndtere deres bef\u00f8jelse p\u00e5 den m\u00e5de, mener Radikale Venstres retsordf\u00f8rer Lone Dybkj\u00e6r, der kr\u00e6ver en forklaring fra justitsministeren. &#8220;Politiet har fuldst\u00e6ndig misforst\u00e5et [&hellip;]<\/p>\n","protected":false},"author":10,"featured_media":0,"comment_status":"open","ping_status":"closed","sticky":false,"template":"","format":"standard","meta":{"footnotes":""},"categories":[1],"tags":[],"class_list":["post-13461","post","type-post","status-publish","format-standard","hentry","category-df-nyt-dk"],"_links":{"self":[{"href":"https:\/\/df-nyt.dk\/blog\/wp-json\/wp\/v2\/posts\/13461","targetHints":{"allow":["GET"]}}],"collection":[{"href":"https:\/\/df-nyt.dk\/blog\/wp-json\/wp\/v2\/posts"}],"about":[{"href":"https:\/\/df-nyt.dk\/blog\/wp-json\/wp\/v2\/types\/post"}],"author":[{"embeddable":true,"href":"https:\/\/df-nyt.dk\/blog\/wp-json\/wp\/v2\/users\/10"}],"replies":[{"embeddable":true,"href":"https:\/\/df-nyt.dk\/blog\/wp-json\/wp\/v2\/comments?post=13461"}],"version-history":[{"count":3,"href":"https:\/\/df-nyt.dk\/blog\/wp-json\/wp\/v2\/posts\/13461\/revisions"}],"predecessor-version":[{"id":106699,"href":"https:\/\/df-nyt.dk\/blog\/wp-json\/wp\/v2\/posts\/13461\/revisions\/106699"}],"wp:attachment":[{"href":"https:\/\/df-nyt.dk\/blog\/wp-json\/wp\/v2\/media?parent=13461"}],"wp:term":[{"taxonomy":"category","embeddable":true,"href":"https:\/\/df-nyt.dk\/blog\/wp-json\/wp\/v2\/categories?post=13461"},{"taxonomy":"post_tag","embeddable":true,"href":"https:\/\/df-nyt.dk\/blog\/wp-json\/wp\/v2\/tags?post=13461"}],"curies":[{"name":"wp","href":"https:\/\/api.w.org\/{rel}","templated":true}]}}