{"id":13474,"date":"2010-12-16T16:03:43","date_gmt":"2010-12-16T15:03:43","guid":{"rendered":"http:\/\/df-nyt.dk\/?p=13474"},"modified":"2010-12-16T16:03:43","modified_gmt":"2010-12-16T15:03:43","slug":"sf-uacceptabelt-at-hveranden-frugt-og-gr%c3%b8nt-indeholder-gift","status":"publish","type":"post","link":"https:\/\/df-nyt.dk\/blog\/sf-uacceptabelt-at-hveranden-frugt-og-gr%c3%b8nt-indeholder-gift\/","title":{"rendered":"SF: Uacceptabelt at hveranden frugt og gr\u00f8nt indeholder gift"},"content":{"rendered":"<p><a href=\"https:\/\/df-nyt.dk\/blog\/wp-content\/uploads\/161220101600.png\"><img loading=\"lazy\" decoding=\"async\" class=\"alignleft size-full wp-image-13475\" title=\"161220101600\" src=\"https:\/\/df-nyt.dk\/blog\/wp-content\/uploads\/161220101600.png\" alt=\"\" width=\"275\" height=\"206\" \/><\/a><\/p>\n<p>af Pia Olsen Dyhr<br \/>\nI dag viser endnu en rapport fra f\u00f8devarestyrelsen, at en uacceptabelt h\u00f8j del af konventionelt dyrkede udenlandsk og dansk frugt og gr\u00f8nt indeholder pesticidrester.<\/p>\n<p>\u201dDenne rapport bekr\u00e6fter, hvad vi allerede vidste, nemlig at der er alt for mange pesticidrester i frugt og gr\u00f8nt.<\/p>\n<p>Det duer virkelig ikke, at vores b\u00f8rn fyldes med giftrester n\u00e5r de spiser juleclementiner \u2013 det er vores ansvar at sikre b\u00f8rnene mod gift i f\u00f8devarer.<\/p>\n<p>Det undrer derfor SFs forbrugerordf\u00f8rer Pia Olsen Dyhr, at f\u00f8devareministeren roser resultatet &#8211; &#8220;for selvom pr\u00f8verne viser at gr\u00e6nsev\u00e6rdierne for pesticidrester i frugt og gr\u00f8nt overholdes, s\u00e5 er det jo ikke ambiti\u00f8st.<\/p>\n<p>Pesticidrester burde ikke findes i frugt og gr\u00f8nt&#8221; udtaler hun og forts\u00e6tter<\/p>\n<p>\u201dSandsynligheden for at danskerne guffer pesticidrester i sig er meget h\u00f8j, n\u00e5r 53 % af udenlandsk- og 39 % af dansk frugt og gr\u00f8nt indeholder pesticidrester.<\/p>\n<p>F\u00f8devareministeren vil ikke presse p\u00e5 for at neds\u00e6tte gr\u00e6nsev\u00e6rdierne for pesticidrester, selvom vi f\u00e5r flere og flere oplysninger om, de mange skadelige effekter de har i mennesker.\u201d siger Pia Olsen Dyhr, hvis bedste r\u00e5d er; K\u00f8b \u00f8kologisk &#8211; s\u00e5 undg\u00e5r du gift.<\/p>\n<p>\u201dI marts viste en meningsm\u00e5ling at 72 % af danskerne g\u00e5r imod en forh\u00f8jelse af gr\u00e6nsev\u00e6rdier for pesticider i gr\u00f8nsager og frugt \u2013 det er jeg helt enig med dem i, og SF arbejder derfor aktivt for en neds\u00e6ttelse af gr\u00e6nsev\u00e6rdierne i EU&#8221; afslutter Pia Olsen Dyhr \u00a0sin pressemeddelse.<\/p>\n<p><strong><a href=\"http:\/\/www.sf.dk\/seneste-nyt\">L\u00e6s flere nyheder fra SF &#8230; HER <\/a><\/strong><\/p>\n<p><strong>********************************** <\/strong><\/p>\n","protected":false},"excerpt":{"rendered":"<p>af Pia Olsen Dyhr I dag viser endnu en rapport fra f\u00f8devarestyrelsen, at en uacceptabelt h\u00f8j del af konventionelt dyrkede udenlandsk og dansk frugt og gr\u00f8nt indeholder pesticidrester. \u201dDenne rapport bekr\u00e6fter, hvad vi allerede vidste, nemlig at der er alt for mange pesticidrester i frugt og gr\u00f8nt. Det duer virkelig ikke, at vores b\u00f8rn fyldes [&hellip;]<\/p>\n","protected":false},"author":10,"featured_media":0,"comment_status":"open","ping_status":"closed","sticky":false,"template":"","format":"standard","meta":{"footnotes":""},"categories":[1],"tags":[],"class_list":["post-13474","post","type-post","status-publish","format-standard","hentry","category-df-nyt-dk"],"_links":{"self":[{"href":"https:\/\/df-nyt.dk\/blog\/wp-json\/wp\/v2\/posts\/13474","targetHints":{"allow":["GET"]}}],"collection":[{"href":"https:\/\/df-nyt.dk\/blog\/wp-json\/wp\/v2\/posts"}],"about":[{"href":"https:\/\/df-nyt.dk\/blog\/wp-json\/wp\/v2\/types\/post"}],"author":[{"embeddable":true,"href":"https:\/\/df-nyt.dk\/blog\/wp-json\/wp\/v2\/users\/10"}],"replies":[{"embeddable":true,"href":"https:\/\/df-nyt.dk\/blog\/wp-json\/wp\/v2\/comments?post=13474"}],"version-history":[{"count":0,"href":"https:\/\/df-nyt.dk\/blog\/wp-json\/wp\/v2\/posts\/13474\/revisions"}],"wp:attachment":[{"href":"https:\/\/df-nyt.dk\/blog\/wp-json\/wp\/v2\/media?parent=13474"}],"wp:term":[{"taxonomy":"category","embeddable":true,"href":"https:\/\/df-nyt.dk\/blog\/wp-json\/wp\/v2\/categories?post=13474"},{"taxonomy":"post_tag","embeddable":true,"href":"https:\/\/df-nyt.dk\/blog\/wp-json\/wp\/v2\/tags?post=13474"}],"curies":[{"name":"wp","href":"https:\/\/api.w.org\/{rel}","templated":true}]}}