{"id":13501,"date":"2010-12-17T16:04:24","date_gmt":"2010-12-17T15:04:24","guid":{"rendered":"http:\/\/df-nyt.dk\/?p=13501"},"modified":"2024-11-05T07:49:34","modified_gmt":"2024-11-05T06:49:34","slug":"racistisk-jargon-tilladt-hos-politiet-sa-l%c3%a6nge-den-ikke-bruges-udadtil","status":"publish","type":"post","link":"https:\/\/df-nyt.dk\/blog\/racistisk-jargon-tilladt-hos-politiet-sa-l%c3%a6nge-den-ikke-bruges-udadtil\/","title":{"rendered":"Racistisk jargon tilladt hos politiet s\u00e5 l\u00e6nge den ikke bruges udadtil"},"content":{"rendered":"<p><img loading=\"lazy\" decoding=\"async\" class=\"alignleft \" title=\"171220101603\" src=\"https:\/\/df-nyt.dk\/\/wp-content\/uploads\/171220101603.png\" alt=\"\" width=\"255\" height=\"230\" \/><\/p>\n<p>Politiet har siden august i \u00e5r k\u00f8rt en stor kampagne &#8220;Stop Hadeforbrydelser&#8221; for at f\u00e5 dansker til at droppe den racistiske jargon og anmelde hadeforbrydelser og racisme.<\/p>\n<p>Men indadtil hos Politiet er en racistisk jargon i orden og tilladt.<br \/>\nDen kan ovenik\u00f8bet v\u00e6re sund i f\u00f8lge Politiet selv. Skriver Margrethe S. Hansen p\u00e5 netAvisen P77.dk <\/p>\n<p>-og forts\u00e6tter<br \/>\nSamtidigt med at offentligheden og befokningen opfordres af Politiet til at droppe racismen og anmelde hadeforbrydelser er en racistisk jargon indadtil hos Politiet tilladt og i orden.<\/p>\n<p>Politiet betegner den ovenik\u00f8bet som sund for de betjente som tr\u00e6nger til at komme af med deres frustrationer.<\/p>\n<p>Det kan man l\u00e6se i Politiets eget medlemsblad Magasin Politi fra december 2009.  <a href=\"http:\/\/p77.dk\/samfund-mennesker\/55-samfund\/361-racistisk-jargon-tilladt-hos-politiet-sa-laenge-den-ikke-bruges-udadtil\"><span style=\"text-decoration: underline;\">Skriver Margrethe S. Hansen \/ netAvisen P77.dk <\/span><\/a><\/p>\n<p>Reference<br \/>\n<a href=\"http:\/\/p77.dk\/samfund-mennesker\/55-samfund\/361-racistisk-jargon-tilladt-hos-politiet-sa-laenge-den-ikke-bruges-udadtil\"><span style=\"text-decoration: underline;\">Margrethe S. Hansen \/netAvisen P77.dk <\/span><\/a><\/p>\n<p>For yderlig l\u00e6sning<br \/>\n&nbsp;<br \/>\n<a href=\"https:\/\/df-nyt.dk\/?p=11270\"><span style=\"text-decoration: underline;\">L\u00e6s mere&#8230; Forkl\u00e6dt p\u00e5 webportalen Facebook <\/span><\/a><br \/>\n&nbsp;<\/p>\n","protected":false},"excerpt":{"rendered":"<p>Politiet har siden august i \u00e5r k\u00f8rt en stor kampagne &#8220;Stop Hadeforbrydelser&#8221; for at f\u00e5 dansker til at droppe den racistiske jargon og anmelde hadeforbrydelser og racisme. Men indadtil hos Politiet er en racistisk jargon i orden og tilladt. Den kan ovenik\u00f8bet v\u00e6re sund i f\u00f8lge Politiet selv. Skriver Margrethe S. Hansen p\u00e5 netAvisen P77.dk [&hellip;]<\/p>\n","protected":false},"author":10,"featured_media":0,"comment_status":"open","ping_status":"closed","sticky":false,"template":"","format":"standard","meta":{"footnotes":""},"categories":[1],"tags":[],"class_list":["post-13501","post","type-post","status-publish","format-standard","hentry","category-df-nyt-dk"],"_links":{"self":[{"href":"https:\/\/df-nyt.dk\/blog\/wp-json\/wp\/v2\/posts\/13501","targetHints":{"allow":["GET"]}}],"collection":[{"href":"https:\/\/df-nyt.dk\/blog\/wp-json\/wp\/v2\/posts"}],"about":[{"href":"https:\/\/df-nyt.dk\/blog\/wp-json\/wp\/v2\/types\/post"}],"author":[{"embeddable":true,"href":"https:\/\/df-nyt.dk\/blog\/wp-json\/wp\/v2\/users\/10"}],"replies":[{"embeddable":true,"href":"https:\/\/df-nyt.dk\/blog\/wp-json\/wp\/v2\/comments?post=13501"}],"version-history":[{"count":2,"href":"https:\/\/df-nyt.dk\/blog\/wp-json\/wp\/v2\/posts\/13501\/revisions"}],"predecessor-version":[{"id":106485,"href":"https:\/\/df-nyt.dk\/blog\/wp-json\/wp\/v2\/posts\/13501\/revisions\/106485"}],"wp:attachment":[{"href":"https:\/\/df-nyt.dk\/blog\/wp-json\/wp\/v2\/media?parent=13501"}],"wp:term":[{"taxonomy":"category","embeddable":true,"href":"https:\/\/df-nyt.dk\/blog\/wp-json\/wp\/v2\/categories?post=13501"},{"taxonomy":"post_tag","embeddable":true,"href":"https:\/\/df-nyt.dk\/blog\/wp-json\/wp\/v2\/tags?post=13501"}],"curies":[{"name":"wp","href":"https:\/\/api.w.org\/{rel}","templated":true}]}}