{"id":13506,"date":"2010-12-17T16:22:53","date_gmt":"2010-12-17T15:22:53","guid":{"rendered":"http:\/\/df-nyt.dk\/?p=13506"},"modified":"2025-08-09T12:31:21","modified_gmt":"2025-08-09T10:31:21","slug":"selvmord-i-asylcenter-ingen-turde-r%c3%b8re-ham-sa-han-hang-til-ambulancen-kom","status":"publish","type":"post","link":"https:\/\/df-nyt.dk\/blog\/selvmord-i-asylcenter-ingen-turde-r%c3%b8re-ham-sa-han-hang-til-ambulancen-kom\/","title":{"rendered":"Selvmord i asylcenter: Ingen turde r\u00f8re ham s\u00e5 han hang til ambulancen kom"},"content":{"rendered":"<p><img loading=\"lazy\" decoding=\"async\" class=\"alignleft \"title=\"171220101619\" src=\"http:\/\/df-nyt.dk\/\/wp-content\/uploads\/171220101619.png\" alt=\"\" width=\"181\" height=\"168\" \/><br \/>\nAfmagt og frygt var \u00e5rsag til, at en ung syrisk kurdisk mand tog sit eget liv s\u00f8ndag i Auder\u00f8d Asylcenter.<\/p>\n<p>Frygten for at blive tvangsudvist og derefter f\u00e6ngslet og tortureret angives igen og igen af flere som \u00e5rsagen til, at en 26-\u00e5rige syrisk kurder valgte at h\u00e6nge sig selv sidste s\u00f8ndag i et stille lokale t\u00e6t p\u00e5 centerlederns kontor i Auder\u00f8d Asylcenter. <a href=\"http:\/\/www.p77.dk\/samfund-mennesker\/62-mennesker\/360-selvmord-i-asylcenter-ingen-turde-rore-ham-sa-han-hang-til-ambulancen-kom\">Skriver Margrethe S. Hansen p\u00e5 NetAvisen P77 &#8230; <\/a><\/p>\n<p>\u2013 og forts\u00e6tter<br \/>\nHan blev fundet h\u00e6ngende i loftet af centrets personale.<br \/>\nIngen turde at tage ham ned, s\u00e5 han blev h\u00e6ngende til ambulancen kom.<\/p>\n<p>To uger i et dansk asylcenter fyldt med frygt og afmagt var efter alt at d\u00f8mme nok til, at han fandt et reb og hang sig selv i et rum t\u00e6t p\u00e5 centerlederns kontor.<\/p>\n<p>\u201dMange af dem vil hellere d\u00f8 end at blive sendt tilbage til Syrien eller Gr\u00e6kerland.&#8221;<\/p>\n<p>\u201dDer hersker en frygtstemning blandt de syrisk kurdiske flygtninge i Danmark.<\/p>\n<p>De er alle meget nerv\u00f8se og bange.<br \/>\nMange er s\u00e5 bange for at blive hentet af politiet at de ikke sover p\u00e5 deres eget v\u00e6relse men skifter v\u00e6relse hver nat.&#8221;<\/p>\n<p>&#8220;Rigtigt mange kan faktisk slet ikke sove, fordi de er urolige og psykisk nedbrudte.<br \/>\nDet hele k\u00f8rer rundt i hovedet p\u00e5 dem, og de forst\u00e5r ikke hvorfor de danske myndigheder behandler dem s\u00e5 d\u00e5rligt.<\/p>\n<p>Flere syriske kurdere er allerede blevet tvangsudvist enten til Syrien eller til Gr\u00e6kerland, og ingen ved hvor de er blevet af.\u201d<\/p>\n<p>fort\u00e6ller en syrisk kurdisk flygtning p\u00e5 ophold i Danmark, som P77 har v\u00e6ret i kontakt med.<\/p>\n<p><a href=\"http:\/\/www.p77.dk\/samfund-mennesker\/62-mennesker\/360-selvmord-i-asylcenter-ingen-turde-rore-ham-sa-han-hang-til-ambulancen-kom\">Skriver Margrethe S. Hansen p\u00e5 NetAvisen P77 &#8230; L\u00e6s hele artiklen &#8230; HER<\/a><\/p>\n<p><a href=\"http:\/\/df-nyt.dk\/?p=13275\">L\u00e6s ogs\u00e5: Afvist asylans\u00f8ger d\u00f8d i dansk asylcenter &#8230; L\u00e6s det DER<\/a><\/p>\n","protected":false},"excerpt":{"rendered":"<p>Afmagt og frygt var \u00e5rsag til, at en ung syrisk kurdisk mand tog sit eget liv s\u00f8ndag i Auder\u00f8d Asylcenter. Frygten for at blive tvangsudvist og derefter f\u00e6ngslet og tortureret angives igen og igen af flere som \u00e5rsagen til, at en 26-\u00e5rige syrisk kurder valgte at h\u00e6nge sig selv sidste s\u00f8ndag i et stille lokale [&hellip;]<\/p>\n","protected":false},"author":10,"featured_media":0,"comment_status":"open","ping_status":"closed","sticky":false,"template":"","format":"standard","meta":{"footnotes":""},"categories":[1],"tags":[],"class_list":["post-13506","post","type-post","status-publish","format-standard","hentry","category-df-nyt-dk"],"_links":{"self":[{"href":"https:\/\/df-nyt.dk\/blog\/wp-json\/wp\/v2\/posts\/13506","targetHints":{"allow":["GET"]}}],"collection":[{"href":"https:\/\/df-nyt.dk\/blog\/wp-json\/wp\/v2\/posts"}],"about":[{"href":"https:\/\/df-nyt.dk\/blog\/wp-json\/wp\/v2\/types\/post"}],"author":[{"embeddable":true,"href":"https:\/\/df-nyt.dk\/blog\/wp-json\/wp\/v2\/users\/10"}],"replies":[{"embeddable":true,"href":"https:\/\/df-nyt.dk\/blog\/wp-json\/wp\/v2\/comments?post=13506"}],"version-history":[{"count":7,"href":"https:\/\/df-nyt.dk\/blog\/wp-json\/wp\/v2\/posts\/13506\/revisions"}],"predecessor-version":[{"id":109745,"href":"https:\/\/df-nyt.dk\/blog\/wp-json\/wp\/v2\/posts\/13506\/revisions\/109745"}],"wp:attachment":[{"href":"https:\/\/df-nyt.dk\/blog\/wp-json\/wp\/v2\/media?parent=13506"}],"wp:term":[{"taxonomy":"category","embeddable":true,"href":"https:\/\/df-nyt.dk\/blog\/wp-json\/wp\/v2\/categories?post=13506"},{"taxonomy":"post_tag","embeddable":true,"href":"https:\/\/df-nyt.dk\/blog\/wp-json\/wp\/v2\/tags?post=13506"}],"curies":[{"name":"wp","href":"https:\/\/api.w.org\/{rel}","templated":true}]}}