{"id":13518,"date":"2010-12-18T10:14:16","date_gmt":"2010-12-18T09:14:16","guid":{"rendered":"http:\/\/df-nyt.dk\/?p=13518"},"modified":"2025-07-13T23:54:12","modified_gmt":"2025-07-13T21:54:12","slug":"d%c3%b8den-slog-igen-til-i-afghanistan","status":"publish","type":"post","link":"https:\/\/df-nyt.dk\/blog\/d%c3%b8den-slog-igen-til-i-afghanistan\/","title":{"rendered":"D\u00f8den slog igen til i Afghanistan"},"content":{"rendered":"<p><img loading=\"lazy\" decoding=\"async\" class=\"alignleft size-full \" title=\"181220100956\" src=\"https:\/\/df-nyt.dk\/blog\/wp-content\/uploads\/181220100956.png\" alt=\"\" width=\"194\" height=\"145\" \/><\/p>\n<p>I g\u00e5r &#8211; den 17,12,2010.<br \/>\nVed 21.30-tiden lokal tid, blev en soldat skudt i hovedet.<\/p>\n<p>H\u00e6ndelsen skete ved den s\u00e5kaldte nordlige forpost 70 km syd for Kunduz.<\/p>\n<p>H\u00e6ren unders\u00f8ger h\u00e6ndelsen.<br \/>\nSandsynligvis gik et skud gik af i forbindelse med at soldaten rengjorde sit v\u00e5ben.<\/p>\n<p>L\u00e6ger fors\u00f8gte at r\u00e6dde hans liv, men det lykkes ikke da kv\u00e6stelserne var for sv\u00e6re.<\/p>\n<p>Med den seneste h\u00e6ndelse har ISAF-missionen til dato, kostet 45 tyske soldater livet.<\/p>\n<p>27 af dem er d\u00f8de i forbindelse med krigslignende handlinger, 9 er d\u00f8de alene i \u00e5r. Skriver bild.de<br \/>\n\/\/www.bild.de\/BILD\/politik\/2010\/12\/17\/afghanistan-deutscher-bundeswehr-soldat\/tot-tragischer-dienstwaffen-unfall.html&#8221;<\/p>\n<p>L\u00e6s ogs\u00e5:<br \/>\n<a href=\"http:\/\/df-nyt.dk\/?p=13373\"><span style=\"text-decoration: underline;\">Igen, i dag blev en dansk soldat h\u00e5rdt s\u00e5ret i Afghanistan<\/span><\/a><br \/>\n&nbsp;<\/p>\n","protected":false},"excerpt":{"rendered":"<p>I g\u00e5r &#8211; den 17,12,2010. Ved 21.30-tiden lokal tid, blev en soldat skudt i hovedet. H\u00e6ndelsen skete ved den s\u00e5kaldte nordlige forpost 70 km syd for Kunduz. H\u00e6ren unders\u00f8ger h\u00e6ndelsen. Sandsynligvis gik et skud gik af i forbindelse med at soldaten rengjorde sit v\u00e5ben. L\u00e6ger fors\u00f8gte at r\u00e6dde hans liv, men det lykkes ikke da [&hellip;]<\/p>\n","protected":false},"author":10,"featured_media":0,"comment_status":"open","ping_status":"closed","sticky":false,"template":"","format":"standard","meta":{"footnotes":""},"categories":[1],"tags":[],"class_list":["post-13518","post","type-post","status-publish","format-standard","hentry","category-df-nyt-dk"],"_links":{"self":[{"href":"https:\/\/df-nyt.dk\/blog\/wp-json\/wp\/v2\/posts\/13518","targetHints":{"allow":["GET"]}}],"collection":[{"href":"https:\/\/df-nyt.dk\/blog\/wp-json\/wp\/v2\/posts"}],"about":[{"href":"https:\/\/df-nyt.dk\/blog\/wp-json\/wp\/v2\/types\/post"}],"author":[{"embeddable":true,"href":"https:\/\/df-nyt.dk\/blog\/wp-json\/wp\/v2\/users\/10"}],"replies":[{"embeddable":true,"href":"https:\/\/df-nyt.dk\/blog\/wp-json\/wp\/v2\/comments?post=13518"}],"version-history":[{"count":4,"href":"https:\/\/df-nyt.dk\/blog\/wp-json\/wp\/v2\/posts\/13518\/revisions"}],"predecessor-version":[{"id":109012,"href":"https:\/\/df-nyt.dk\/blog\/wp-json\/wp\/v2\/posts\/13518\/revisions\/109012"}],"wp:attachment":[{"href":"https:\/\/df-nyt.dk\/blog\/wp-json\/wp\/v2\/media?parent=13518"}],"wp:term":[{"taxonomy":"category","embeddable":true,"href":"https:\/\/df-nyt.dk\/blog\/wp-json\/wp\/v2\/categories?post=13518"},{"taxonomy":"post_tag","embeddable":true,"href":"https:\/\/df-nyt.dk\/blog\/wp-json\/wp\/v2\/tags?post=13518"}],"curies":[{"name":"wp","href":"https:\/\/api.w.org\/{rel}","templated":true}]}}