{"id":13525,"date":"2010-12-18T11:53:25","date_gmt":"2010-12-18T10:53:25","guid":{"rendered":"http:\/\/df-nyt.dk\/?p=13525"},"modified":"2024-01-16T22:28:32","modified_gmt":"2024-01-16T21:28:32","slug":"hoj-straf-for-misbrug-af-tegning-og-kraenkelse-af-fogedforbud","status":"publish","type":"post","link":"https:\/\/df-nyt.dk\/blog\/hoj-straf-for-misbrug-af-tegning-og-kraenkelse-af-fogedforbud\/","title":{"rendered":"Straf for misbrug af tegning og kr\u00e6nkelse af fogedforbud"},"content":{"rendered":"<p><img loading=\"lazy\" decoding=\"async\" class=\"alignleft size-full \" title=\"251120102100\" src=\"https:\/\/df-nyt.dk\/\/wp-content\/uploads\/251120102100.png\" alt=\"\" width=\"184\" height=\"171\" \/><\/p>\n<p>Straf for misbrug af tegning og kr\u00e6nkelse af fogedforbud<br \/>\nForeningerne Stop Islamiseringen af Danmark (SIAD) og en europ\u00e6isk s\u00f8sterforening SIOE.<\/p>\n<p>Det var i strid med ophavsretsloven, at den nationalistiske SIAD, SIOE og dennes formand Anders Gravers Pedersen i 2008 brugte Kurt Westergaards Muhammed-tegning til politisk propaganda.<\/p>\n<p>Det har Byretten i \u00c5lborg afgjort ved en dom i sagen mellem Dansk Journalistforbund og Kurt Westerg\u00e5rd p\u00e5 den ene side, og SIAD og Anders Gravers Pedersen p\u00e5 den anden.<\/p>\n<p>DJ nedlagde i marts 2008 p\u00e5 vegne af sit medlem fogedforbud imod, at tegningen m\u00e5tte bruges i forbindelse med SIAD og SIOEs propaganda aktiviteter.<\/p>\n<p>Retten har afgjort, at begge involverede foreninger samt formanden for foreningerne, skal betale over 100.000 kroner i erstatning samt f\u00e5r 10 dages forvandlingsstraf.<\/p>\n<p>Foreningen stop Islamiseringen i Danmark skal betale kr. 40.000 til Kurt Westergaard<\/p>\n<p>Samme bel\u00f8b skal, foreningen Stop Islamiseringen of Europe v\/ Anders Gravers Pedersen personligt betale.<\/p>\n<p>Derudover skal begge foreninger betale b\u00f8der p\u00e5 hver titusinder kroner.<br \/>\nAnders Gravers Pedersen skal ligeledes personligt betale kr. 10.000 kr. &#8211; samt id\u00f8mmes han en forvandlingsstraf p\u00e5 10 dage. (F\u00c6NGSEL)<\/p>\n<p>B\u00f8den\/straffen er id\u00f8mt iht. Retsplejelovens \u00a7 651, der handler om fors\u00e6tligt at overtr\u00e6de et fogedforbud. Skriver Dansk Journalistforbund p\u00e5 sin hjemmeside \/\/journalistforbundet.dk\/sw111039.asp<\/p>\n<p>For yderlig l\u00e6sning<\/p>\n<p><a href=\"https:\/\/df-nyt.dk\/?p=12447\" target=\"_blank\" rel=\"noopener noreferrer\"><span style=\"text-decoration: underline\"> Anders Gravers Pedersen i retten<\/span><\/a><br \/>\n&nbsp;<\/p>\n","protected":false},"excerpt":{"rendered":"<p>Straf for misbrug af tegning og kr\u00e6nkelse af fogedforbud Foreningerne Stop Islamiseringen af Danmark (SIAD) og en europ\u00e6isk s\u00f8sterforening SIOE. Det var i strid med ophavsretsloven, at den nationalistiske SIAD, SIOE og dennes formand Anders Gravers Pedersen i 2008 brugte Kurt Westergaards Muhammed-tegning til politisk propaganda. Det har Byretten i \u00c5lborg afgjort ved en dom [&hellip;]<\/p>\n","protected":false},"author":10,"featured_media":0,"comment_status":"open","ping_status":"closed","sticky":false,"template":"","format":"standard","meta":{"footnotes":""},"categories":[1],"tags":[],"class_list":["post-13525","post","type-post","status-publish","format-standard","hentry","category-df-nyt-dk"],"_links":{"self":[{"href":"https:\/\/df-nyt.dk\/blog\/wp-json\/wp\/v2\/posts\/13525","targetHints":{"allow":["GET"]}}],"collection":[{"href":"https:\/\/df-nyt.dk\/blog\/wp-json\/wp\/v2\/posts"}],"about":[{"href":"https:\/\/df-nyt.dk\/blog\/wp-json\/wp\/v2\/types\/post"}],"author":[{"embeddable":true,"href":"https:\/\/df-nyt.dk\/blog\/wp-json\/wp\/v2\/users\/10"}],"replies":[{"embeddable":true,"href":"https:\/\/df-nyt.dk\/blog\/wp-json\/wp\/v2\/comments?post=13525"}],"version-history":[{"count":1,"href":"https:\/\/df-nyt.dk\/blog\/wp-json\/wp\/v2\/posts\/13525\/revisions"}],"predecessor-version":[{"id":101523,"href":"https:\/\/df-nyt.dk\/blog\/wp-json\/wp\/v2\/posts\/13525\/revisions\/101523"}],"wp:attachment":[{"href":"https:\/\/df-nyt.dk\/blog\/wp-json\/wp\/v2\/media?parent=13525"}],"wp:term":[{"taxonomy":"category","embeddable":true,"href":"https:\/\/df-nyt.dk\/blog\/wp-json\/wp\/v2\/categories?post=13525"},{"taxonomy":"post_tag","embeddable":true,"href":"https:\/\/df-nyt.dk\/blog\/wp-json\/wp\/v2\/tags?post=13525"}],"curies":[{"name":"wp","href":"https:\/\/api.w.org\/{rel}","templated":true}]}}