{"id":13559,"date":"2010-12-19T13:24:39","date_gmt":"2010-12-19T12:24:39","guid":{"rendered":"http:\/\/df-nyt.dk\/?p=13559"},"modified":"2025-09-14T08:47:37","modified_gmt":"2025-09-14T06:47:37","slug":"frustration-i-fagforeningerne-over-jobcenter","status":"publish","type":"post","link":"https:\/\/df-nyt.dk\/blog\/frustration-i-fagforeningerne-over-jobcenter\/","title":{"rendered":"Frustration i fagforeningerne over Jobcenter"},"content":{"rendered":"<p><img loading=\"lazy\" decoding=\"async\" class=\"alignnone size-full \" title=\"191220101322\" src=\"https:\/\/df-nyt.dk\/\/wp-content\/uploads\/191220101322.png\" alt=\"\" width=\"267\" height=\"133\" \/><\/p>\n<p>LO kalder til m\u00f8de om Jobcentret<br \/>\nJobcentrets behandling af sygemeldte borgere har skabt stor utilfredshed i fagbev\u00e6gelsen.<\/p>\n<p>Repr\u00e6sentanter fra de sydfynske fagforeninger s\u00e6tter sig tirsdag \u2013 p\u00e5 et m\u00f8de indkaldt af LO-Sydfyn \u2013 sammen for at dr\u00f8fte, hvad de kan g\u00f8re ved problemerne.<\/p>\n<p>Frustration i fagforeningerne over Jobcentret<br \/>\nDer g\u00e5r ikke en dag, uden at de sidder sammen med et medlem, der er kommet i klemme i systemet p\u00e5 Jobcenter Svendborg.<\/p>\n<p>Medlemmer, som \u2013 s\u00e5dan f\u00f8ler de det \u2013 er blevet dumpet til en usikker fremtid.<\/p>\n<p>\u00d8konomisk, socialt, menneskeligt.<br \/>\nDer er dage, hvor de sidder med flere medlemmer i den situation.<\/p>\n<p>Nu s\u00e6tter de sig sammen \u2013 medarbejderne i de sydfynske fagforeninger \u2013 for at dr\u00f8fte den for dem og deres medlemmer mere og mere uholdbare situation.<\/p>\n<p>LO-Sydfyn har indkaldt til m\u00f8det, som holdes p\u00e5 tirsdag. Skriver Frede Jakobsen p\u00e5 SvendborgNetAvis &#8211; \/\/svendborgsnetavis.dk\/?p=3216&#8243;<\/p>\n<p><a href=\"https:\/\/df-nyt.dk\/?p=12095\" target=\"_blank\" rel=\"noopener noreferrer\"><span style=\"text-decoration: underline\"> Sendt p\u00e5 kursus ved en privat akt\u00f8r af Jobcenteret <\/span><\/a><br \/>\n&nbsp;<\/p>\n","protected":false},"excerpt":{"rendered":"<p>LO kalder til m\u00f8de om Jobcentret Jobcentrets behandling af sygemeldte borgere har skabt stor utilfredshed i fagbev\u00e6gelsen. Repr\u00e6sentanter fra de sydfynske fagforeninger s\u00e6tter sig tirsdag \u2013 p\u00e5 et m\u00f8de indkaldt af LO-Sydfyn \u2013 sammen for at dr\u00f8fte, hvad de kan g\u00f8re ved problemerne. Frustration i fagforeningerne over Jobcentret Der g\u00e5r ikke en dag, uden at [&hellip;]<\/p>\n","protected":false},"author":10,"featured_media":0,"comment_status":"open","ping_status":"closed","sticky":false,"template":"","format":"standard","meta":{"footnotes":""},"categories":[1],"tags":[],"class_list":["post-13559","post","type-post","status-publish","format-standard","hentry","category-df-nyt-dk"],"_links":{"self":[{"href":"https:\/\/df-nyt.dk\/blog\/wp-json\/wp\/v2\/posts\/13559","targetHints":{"allow":["GET"]}}],"collection":[{"href":"https:\/\/df-nyt.dk\/blog\/wp-json\/wp\/v2\/posts"}],"about":[{"href":"https:\/\/df-nyt.dk\/blog\/wp-json\/wp\/v2\/types\/post"}],"author":[{"embeddable":true,"href":"https:\/\/df-nyt.dk\/blog\/wp-json\/wp\/v2\/users\/10"}],"replies":[{"embeddable":true,"href":"https:\/\/df-nyt.dk\/blog\/wp-json\/wp\/v2\/comments?post=13559"}],"version-history":[{"count":1,"href":"https:\/\/df-nyt.dk\/blog\/wp-json\/wp\/v2\/posts\/13559\/revisions"}],"predecessor-version":[{"id":106332,"href":"https:\/\/df-nyt.dk\/blog\/wp-json\/wp\/v2\/posts\/13559\/revisions\/106332"}],"wp:attachment":[{"href":"https:\/\/df-nyt.dk\/blog\/wp-json\/wp\/v2\/media?parent=13559"}],"wp:term":[{"taxonomy":"category","embeddable":true,"href":"https:\/\/df-nyt.dk\/blog\/wp-json\/wp\/v2\/categories?post=13559"},{"taxonomy":"post_tag","embeddable":true,"href":"https:\/\/df-nyt.dk\/blog\/wp-json\/wp\/v2\/tags?post=13559"}],"curies":[{"name":"wp","href":"https:\/\/api.w.org\/{rel}","templated":true}]}}