{"id":13562,"date":"2010-12-19T19:20:09","date_gmt":"2010-12-19T18:20:09","guid":{"rendered":"http:\/\/df-nyt.dk\/?p=13562"},"modified":"2010-12-19T19:58:01","modified_gmt":"2010-12-19T18:58:01","slug":"selvmord-i-asylcenter-ramazan-kan-ikke-komme-hjem","status":"publish","type":"post","link":"https:\/\/df-nyt.dk\/blog\/selvmord-i-asylcenter-ramazan-kan-ikke-komme-hjem\/","title":{"rendered":"Selvmord i asylcenter: Ramazan kan ikke komme hjem"},"content":{"rendered":"<p><strong><a href=\"https:\/\/df-nyt.dk\/blog\/wp-content\/uploads\/191220101913.png\"><img loading=\"lazy\" decoding=\"async\" class=\"alignleft size-full wp-image-13563\" title=\"191220101913\" src=\"https:\/\/df-nyt.dk\/blog\/wp-content\/uploads\/191220101913.png\" alt=\"\" width=\"242\" height=\"187\" \/><\/a>26-\u00e5rige syrisk-kurdiske Ramazan var p\u00e5 flugt fra diskrimination og undertrykkelse.<\/strong><\/p>\n<p>Men selv nu i d\u00f8den diskrimineres han og kan ikke komme hjem til Syrien for at blive begravet.<\/p>\n<p>Ramazan Hajji Ibrahim var p\u00e5 flugt fra diskrimination og undertrykkelse i Syrien.<\/p>\n<p>Han rejste via Italien til Gr\u00e6kerland, hvor han h\u00e5bede p\u00e5 at f\u00e5 asyl.<\/p>\n<p>I Gr\u00e6kerland blev han m\u00f8dt af et gr\u00e6sk asylsystem, som er brudt sammen, og blev t\u00e6sket af det gr\u00e6ske politi som fors\u00f8gte at presse ham ud af Gr\u00e6kerland og tilbage til Syrien.<\/p>\n<p>Ramazan frygtede mere end noget andet at blive sendt tilbage til Syrien og valgte derfor at s\u00f8ge mod Danmark, hvor han h\u00e5bede p\u00e5 at f\u00e5 asyl.<\/p>\n<p>Da han kom til Danmark blev han sat i Auder\u00f8d Asylcenter, mens de danske myndigheder behandlede hans anmodning om asyl.<\/p>\n<p><strong><a href=\"http:\/\/www.p77.dk\/samfund-mennesker\/62-mennesker\/362-selvmord-i-asylcenter-ramazan-kan-ikke-komme-hjem\">Skriver Margrethe S. Hansen p\u00e5 NetAvisen P77 &#8230; L\u00e6s artiklen &#8230;HER <\/a><\/strong><\/p>\n<p><strong>Syriske myndigheder n\u00e6gter at give Ramazans lig adgang til Syrien. <\/strong><\/p>\n<p><strong>************************************************************************** <\/strong><\/p>\n","protected":false},"excerpt":{"rendered":"<p>26-\u00e5rige syrisk-kurdiske Ramazan var p\u00e5 flugt fra diskrimination og undertrykkelse. Men selv nu i d\u00f8den diskrimineres han og kan ikke komme hjem til Syrien for at blive begravet. Ramazan Hajji Ibrahim var p\u00e5 flugt fra diskrimination og undertrykkelse i Syrien. Han rejste via Italien til Gr\u00e6kerland, hvor han h\u00e5bede p\u00e5 at f\u00e5 asyl. I Gr\u00e6kerland [&hellip;]<\/p>\n","protected":false},"author":10,"featured_media":0,"comment_status":"open","ping_status":"closed","sticky":false,"template":"","format":"standard","meta":{"footnotes":""},"categories":[1],"tags":[],"class_list":["post-13562","post","type-post","status-publish","format-standard","hentry","category-df-nyt-dk"],"_links":{"self":[{"href":"https:\/\/df-nyt.dk\/blog\/wp-json\/wp\/v2\/posts\/13562","targetHints":{"allow":["GET"]}}],"collection":[{"href":"https:\/\/df-nyt.dk\/blog\/wp-json\/wp\/v2\/posts"}],"about":[{"href":"https:\/\/df-nyt.dk\/blog\/wp-json\/wp\/v2\/types\/post"}],"author":[{"embeddable":true,"href":"https:\/\/df-nyt.dk\/blog\/wp-json\/wp\/v2\/users\/10"}],"replies":[{"embeddable":true,"href":"https:\/\/df-nyt.dk\/blog\/wp-json\/wp\/v2\/comments?post=13562"}],"version-history":[{"count":0,"href":"https:\/\/df-nyt.dk\/blog\/wp-json\/wp\/v2\/posts\/13562\/revisions"}],"wp:attachment":[{"href":"https:\/\/df-nyt.dk\/blog\/wp-json\/wp\/v2\/media?parent=13562"}],"wp:term":[{"taxonomy":"category","embeddable":true,"href":"https:\/\/df-nyt.dk\/blog\/wp-json\/wp\/v2\/categories?post=13562"},{"taxonomy":"post_tag","embeddable":true,"href":"https:\/\/df-nyt.dk\/blog\/wp-json\/wp\/v2\/tags?post=13562"}],"curies":[{"name":"wp","href":"https:\/\/api.w.org\/{rel}","templated":true}]}}