{"id":13620,"date":"2010-12-20T18:42:38","date_gmt":"2010-12-20T17:42:38","guid":{"rendered":"http:\/\/df-nyt.dk\/?p=13620"},"modified":"2025-07-08T16:19:46","modified_gmt":"2025-07-08T14:19:46","slug":"juletr%c3%a6sbes%c3%b8g-endt-hos-politiet","status":"publish","type":"post","link":"https:\/\/df-nyt.dk\/blog\/juletr%c3%a6sbes%c3%b8g-endt-hos-politiet\/","title":{"rendered":"Juletr\u00e6sbes\u00f8g endt hos politiet"},"content":{"rendered":"<p><img loading=\"lazy\" decoding=\"async\" class=\"alignleft size-full \" title=\"201220101838\" src=\"https:\/\/df-nyt.dk\/blog\/wp-content\/uploads\/201220101838.png\" alt=\"\" width=\"269\" height=\"102\" \/>Juletr\u00e6sbes\u00f8g endt hos politiet<br \/>\nEt bes\u00f8g p\u00e5 en fynsk juletr\u00e6splantage er nu endt med, at Emilie er blevet meldt til politiet.<br \/>\nSagen illustrerer, hvor langt nogle arbejdsgivere er villige til at g\u00e5 for at skaffe sig billig, udenlandsk arbejdskraft, Skriver SF i sin pressemeddelelse <\/p>\n<p>\u2013 og fors\u00e6tter<br \/>\nHvad der skulle have v\u00e6ret et fredeligt bes\u00f8g p\u00e5 en sydfynsk juletr\u00e6splantage, er nu endt som en politisag og en p\u00e5stand om ulovlig indtr\u00e6ngen p\u00e5 privat grund.<\/p>\n<p>I forbindelse med sin kampagne om social dumping aflagde Emilie sammen med 3F Fyn bes\u00f8g p\u00e5 en juletr\u00e6splantage ved Svendborg.<\/p>\n<p>Juletr\u00e6sbranchen er en af de brancher, der er slemt plaget af underbetalt udenlandsk arbejdskraft.<\/p>\n<p><img loading=\"lazy\" decoding=\"async\" class=\"alignleft size-full\" src=\"http:\/\/df-nyt.dk\/\/wp-content\/uploads\/120720102129.png\" alt=\"120720102129\" width=\"400\" height=\"225\" \/> Da Emilie og 3Fs repr\u00e6sentant ankommer til plantagen, m\u00f8der de en gruppe arbejdere og falder i snak med nogle polske arbejdere, der er i gang med deres frokost.<\/p>\n<p>Midt i det hele dukker s\u00e5 ejeren af plantagen op, og det leder til en l\u00e6ngere snak om danske versus udenlandske arbejdere, social dumping og danske l\u00f8n- og arbejdsforhold.<\/p>\n<p>Senere viser det sig, at plantageejeren har anmeldt Emilie til politiet for ulovlig indtr\u00e6ngen p\u00e5 privat grund.<\/p>\n<p>En anmeldelse der virker som taget ud af den sydfynske, bl\u00e5 luft, for Emilie er ikke p\u00e5 noget tidspunkt blevet bedt om at forlade grunden og har fra starten af bes\u00f8get spurgt, om det var i orden, at de var der.<\/p>\n<p>Politianmeldelsen lugter snarere af, at ejeren ikke \u00f8nsker, at der bliver sat politisk fokus p\u00e5 problemet med udenlandske arbejdskraft, der kommer til Danmark og arbejder p\u00e5 d\u00e5rligere vilk\u00e5r end danske arbejdere.<\/p>\n<p>Hverken 3Fs repr\u00e6sentant eller de journalister, der d\u00e6kkede bes\u00f8get, er blevet anmeldt. Skriver SF i sin pressemeddelelse.<\/p>\n<p><a href=\"https:\/\/sf.dk\"><span style=\"text-decoration: underline;\">Du kan l\u00e6se mere DER<\/span><\/a><\/p>\n<p>For yderlig l\u00e6sning.<\/p>\n<p><a href=\"http:\/\/df-nyt.dk\/?p=12623\"><span style=\"text-decoration: underline;\">L\u00e6s ogs\u00e5, Kampagne: Dansk l\u00f8n p\u00e5 danske arbejdspladser<\/span><\/a><br \/>\n&nbsp;<\/p>\n","protected":false},"excerpt":{"rendered":"<p>Juletr\u00e6sbes\u00f8g endt hos politiet Et bes\u00f8g p\u00e5 en fynsk juletr\u00e6splantage er nu endt med, at Emilie er blevet meldt til politiet. Sagen illustrerer, hvor langt nogle arbejdsgivere er villige til at g\u00e5 for at skaffe sig billig, udenlandsk arbejdskraft, Skriver SF i sin pressemeddelelse \u2013 og fors\u00e6tter Hvad der skulle have v\u00e6ret et fredeligt bes\u00f8g [&hellip;]<\/p>\n","protected":false},"author":10,"featured_media":0,"comment_status":"open","ping_status":"closed","sticky":false,"template":"","format":"standard","meta":{"footnotes":""},"categories":[1],"tags":[],"class_list":["post-13620","post","type-post","status-publish","format-standard","hentry","category-df-nyt-dk"],"_links":{"self":[{"href":"https:\/\/df-nyt.dk\/blog\/wp-json\/wp\/v2\/posts\/13620","targetHints":{"allow":["GET"]}}],"collection":[{"href":"https:\/\/df-nyt.dk\/blog\/wp-json\/wp\/v2\/posts"}],"about":[{"href":"https:\/\/df-nyt.dk\/blog\/wp-json\/wp\/v2\/types\/post"}],"author":[{"embeddable":true,"href":"https:\/\/df-nyt.dk\/blog\/wp-json\/wp\/v2\/users\/10"}],"replies":[{"embeddable":true,"href":"https:\/\/df-nyt.dk\/blog\/wp-json\/wp\/v2\/comments?post=13620"}],"version-history":[{"count":3,"href":"https:\/\/df-nyt.dk\/blog\/wp-json\/wp\/v2\/posts\/13620\/revisions"}],"predecessor-version":[{"id":108769,"href":"https:\/\/df-nyt.dk\/blog\/wp-json\/wp\/v2\/posts\/13620\/revisions\/108769"}],"wp:attachment":[{"href":"https:\/\/df-nyt.dk\/blog\/wp-json\/wp\/v2\/media?parent=13620"}],"wp:term":[{"taxonomy":"category","embeddable":true,"href":"https:\/\/df-nyt.dk\/blog\/wp-json\/wp\/v2\/categories?post=13620"},{"taxonomy":"post_tag","embeddable":true,"href":"https:\/\/df-nyt.dk\/blog\/wp-json\/wp\/v2\/tags?post=13620"}],"curies":[{"name":"wp","href":"https:\/\/api.w.org\/{rel}","templated":true}]}}