{"id":13631,"date":"2010-12-20T21:01:09","date_gmt":"2010-12-20T20:01:09","guid":{"rendered":"http:\/\/df-nyt.dk\/?p=13631"},"modified":"2024-01-31T16:18:50","modified_gmt":"2024-01-31T15:18:50","slug":"ondskabens-ikon","status":"publish","type":"post","link":"https:\/\/df-nyt.dk\/blog\/ondskabens-ikon\/","title":{"rendered":"Ondskabens Ikon"},"content":{"rendered":"<p>Ondskabens Ikon<br \/>\nGeoffrey Cain sammenligner i sin bog Ondskabens Ikon omtale, tegninger og kritik af Pia Kj\u00e6rsgaard med nazistisk antisemitisk propaganda.<\/p>\n<p>Cain mener i sin bog at Pia Kj\u00e6rsgaard er blevet lagt for had p\u00e5 pr\u00e6cis samme m\u00e5de som nazisterne lagde j\u00f8derne for had.<\/p>\n<p>Herunder ser du et screen dump fra webportalen FaceBook, det taler vist for sig selv.<\/p>\n<p><img loading=\"lazy\" decoding=\"async\" class=\" alignnone\" title=\"201220102014\" src=\"https:\/\/df-nyt.dk\/\/wp-content\/uploads\/201220102014.png\" alt=\"\" width=\"470\" height=\"466\" \/><\/p>\n<p>Hanne Markussen, som ses herunder, syntes rigtig godt om at man taler grimt om andre mennesker, l\u00e6gger dem for had i det offentlige rum.<\/p>\n<p><img loading=\"lazy\" decoding=\"async\" class=\"alignnone\" title=\"201220102031\" src=\"https:\/\/df-nyt.dk\/\/wp-content\/uploads\/201220102031.png\" alt=\"\" width=\"200\" height=\"111\" \/><\/p>\n<p>Men det ser ud som om der m\u00e5ske er sket en holdnings-\u00e6ndring hos Geoffrey Cain.<br \/>\nHan er blevet set st\u00e5 side om side med nynarzister fra det h\u00f8jreekstreme danske milj\u00f8 p\u00e5 Christiansborg slotsplads under en demonstration den 28 august 2009.\u00a0 &#8211; holdt af den st\u00e6rkt anti-muslimske forening Stop Islamiseringen af Danmark.<\/p>\n<p><img loading=\"lazy\" decoding=\"async\" class=\" alignnone\" title=\"201220102102\" src=\"https:\/\/df-nyt.dk\/\/wp-content\/uploads\/201220102102.png\" alt=\"\" width=\"320\" height=\"228\" \/><\/p>\n<p><a href=\"http:\/\/shansensblog.blogspot.com\/2009\/08\/geoffrey-cain-jde-og-forfatter-til.html\" target=\"_blank\" rel=\"noopener noreferrer\"><span style=\"text-decoration: underline;\">Hjemmesiden \/shansensblog.blogspot.com\/2009\/08\/geoffrey-cain-jde-og-forfatter-til<\/span><\/a><br \/>\n&nbsp;<br \/>\n<a href=\"https:\/\/df-nyt.dk\/?p=13331\" target=\"_blank\" rel=\"noopener noreferrer\"><span style=\"text-decoration: underline;\">L\u00e6s ogs\u00e5, Julehygge med Poul Erik, HER <\/span><\/a><\/p>\n","protected":false},"excerpt":{"rendered":"<p>Ondskabens Ikon Geoffrey Cain sammenligner i sin bog Ondskabens Ikon omtale, tegninger og kritik af Pia Kj\u00e6rsgaard med nazistisk antisemitisk propaganda. Cain mener i sin bog at Pia Kj\u00e6rsgaard er blevet lagt for had p\u00e5 pr\u00e6cis samme m\u00e5de som nazisterne lagde j\u00f8derne for had. Herunder ser du et screen dump fra webportalen FaceBook, det taler [&hellip;]<\/p>\n","protected":false},"author":10,"featured_media":0,"comment_status":"open","ping_status":"closed","sticky":false,"template":"","format":"standard","meta":{"footnotes":""},"categories":[1],"tags":[],"class_list":["post-13631","post","type-post","status-publish","format-standard","hentry","category-df-nyt-dk"],"_links":{"self":[{"href":"https:\/\/df-nyt.dk\/blog\/wp-json\/wp\/v2\/posts\/13631","targetHints":{"allow":["GET"]}}],"collection":[{"href":"https:\/\/df-nyt.dk\/blog\/wp-json\/wp\/v2\/posts"}],"about":[{"href":"https:\/\/df-nyt.dk\/blog\/wp-json\/wp\/v2\/types\/post"}],"author":[{"embeddable":true,"href":"https:\/\/df-nyt.dk\/blog\/wp-json\/wp\/v2\/users\/10"}],"replies":[{"embeddable":true,"href":"https:\/\/df-nyt.dk\/blog\/wp-json\/wp\/v2\/comments?post=13631"}],"version-history":[{"count":1,"href":"https:\/\/df-nyt.dk\/blog\/wp-json\/wp\/v2\/posts\/13631\/revisions"}],"predecessor-version":[{"id":101899,"href":"https:\/\/df-nyt.dk\/blog\/wp-json\/wp\/v2\/posts\/13631\/revisions\/101899"}],"wp:attachment":[{"href":"https:\/\/df-nyt.dk\/blog\/wp-json\/wp\/v2\/media?parent=13631"}],"wp:term":[{"taxonomy":"category","embeddable":true,"href":"https:\/\/df-nyt.dk\/blog\/wp-json\/wp\/v2\/categories?post=13631"},{"taxonomy":"post_tag","embeddable":true,"href":"https:\/\/df-nyt.dk\/blog\/wp-json\/wp\/v2\/tags?post=13631"}],"curies":[{"name":"wp","href":"https:\/\/api.w.org\/{rel}","templated":true}]}}