{"id":13667,"date":"2010-12-21T14:22:28","date_gmt":"2010-12-21T13:22:28","guid":{"rendered":"http:\/\/df-nyt.dk\/?p=13667"},"modified":"2017-10-15T09:37:12","modified_gmt":"2017-10-15T07:37:12","slug":"sf-vil-fjerne-fattigdomsydelserne-og-saenke-huslejen","status":"publish","type":"post","link":"https:\/\/df-nyt.dk\/blog\/sf-vil-fjerne-fattigdomsydelserne-og-saenke-huslejen\/","title":{"rendered":"SF vil fjerne fattigdomsydelserne og s\u00e6nke huslejen"},"content":{"rendered":"<p><strong>DR\u2019s 21 S\u00f8ndag kunne 19\/12 berette om en massiv stigning i antallet af lejere, der s\u00e6ttes p\u00e5 gaden. <\/strong><\/p>\n<p><strong>Der er sket over en fordobling siden 2002.<\/strong><\/p>\n<p>Skriver SF i en pressemeddelse &#8211; Og forts\u00e6tter.<\/p>\n<p>SF\u2019s socialordf\u00f8rer, \u00d6zlem Cekic, peger p\u00e5 de nedsatte kontanthj\u00e6lpsydelser som en stor del af \u00e5rsagen:<\/p>\n<p>\u201dRegeringen b\u00e6rer et tungt ansvar for at stadig flere ender p\u00e5 gaden, fordi de ikke kan betale deres husleje.<\/p>\n<p>Man har f\u00f8rt en socialpolitik, der har v\u00e6ret styret af en forestilling om at folk skal presses i arbejde \u2013 uanset om der er arbejde eller ej.<\/p>\n<p>De mennesker, der bliver sat p\u00e5 gaden, betaler prisen for den borgerlige ideologi.\u201d<\/p>\n<p>30 pct. af dem, der s\u00e6ttes p\u00e5 gaden, er kontanthj\u00e6lpsmodtagere, og 30 pct. er p\u00e5 andre overf\u00f8rselsindkomster.<\/p>\n<p>Problemet for de fleste er, at der simpelthen ikke er penge nok til at betale huslejen.<\/p>\n<p>En fjerdedel af dem, der ender p\u00e5 gaden, har selv et \u00e5r efter ikke fundet ny permanent bolig.<\/p>\n<p>Det er is\u00e6r meget bekymrende, n\u00e5r det g\u00e6lder b\u00f8rnefamilierne, som udg\u00f8r 43 pct. af de udsatte husstande.<\/p>\n<p><a href=\"http:\/\/www.sf.dk\/\" target=\"_blank\" rel=\"noopener\"><strong>www.sf.dk\/seneste-nyt<\/strong><\/a><\/p>\n<p><strong>*************************** <\/strong><\/p>\n","protected":false},"excerpt":{"rendered":"<p>DR\u2019s 21 S\u00f8ndag kunne 19\/12 berette om en massiv stigning i antallet af lejere, der s\u00e6ttes p\u00e5 gaden. Der er sket over en fordobling siden 2002. Skriver SF i en pressemeddelse &#8211; Og forts\u00e6tter. SF\u2019s socialordf\u00f8rer, \u00d6zlem Cekic, peger p\u00e5 de nedsatte kontanthj\u00e6lpsydelser som en stor del af \u00e5rsagen: \u201dRegeringen b\u00e6rer et tungt ansvar for [&hellip;]<\/p>\n","protected":false},"author":10,"featured_media":0,"comment_status":"open","ping_status":"closed","sticky":false,"template":"","format":"standard","meta":{"footnotes":""},"categories":[1],"tags":[],"class_list":["post-13667","post","type-post","status-publish","format-standard","hentry","category-df-nyt-dk"],"_links":{"self":[{"href":"https:\/\/df-nyt.dk\/blog\/wp-json\/wp\/v2\/posts\/13667","targetHints":{"allow":["GET"]}}],"collection":[{"href":"https:\/\/df-nyt.dk\/blog\/wp-json\/wp\/v2\/posts"}],"about":[{"href":"https:\/\/df-nyt.dk\/blog\/wp-json\/wp\/v2\/types\/post"}],"author":[{"embeddable":true,"href":"https:\/\/df-nyt.dk\/blog\/wp-json\/wp\/v2\/users\/10"}],"replies":[{"embeddable":true,"href":"https:\/\/df-nyt.dk\/blog\/wp-json\/wp\/v2\/comments?post=13667"}],"version-history":[{"count":0,"href":"https:\/\/df-nyt.dk\/blog\/wp-json\/wp\/v2\/posts\/13667\/revisions"}],"wp:attachment":[{"href":"https:\/\/df-nyt.dk\/blog\/wp-json\/wp\/v2\/media?parent=13667"}],"wp:term":[{"taxonomy":"category","embeddable":true,"href":"https:\/\/df-nyt.dk\/blog\/wp-json\/wp\/v2\/categories?post=13667"},{"taxonomy":"post_tag","embeddable":true,"href":"https:\/\/df-nyt.dk\/blog\/wp-json\/wp\/v2\/tags?post=13667"}],"curies":[{"name":"wp","href":"https:\/\/api.w.org\/{rel}","templated":true}]}}