{"id":13670,"date":"2010-12-21T15:25:22","date_gmt":"2010-12-21T14:25:22","guid":{"rendered":"http:\/\/df-nyt.dk\/?p=13670"},"modified":"2024-02-05T23:09:44","modified_gmt":"2024-02-05T22:09:44","slug":"arbejdernetv%c3%a6rket-er-sat-pa-skinner-og-rykker","status":"publish","type":"post","link":"https:\/\/df-nyt.dk\/blog\/arbejdernetv%c3%a6rket-er-sat-pa-skinner-og-rykker\/","title":{"rendered":"Arbejdernetv\u00e6rket er sat p\u00e5 skinner og rykker"},"content":{"rendered":"<p>Arbejdernetv\u00e6rket er sat p\u00e5 skinner og rykker<br \/>\nP\u00e5 Netmediet Facebook er der nu 1.557 personer som syntes det er en rigtig god ide.<\/p>\n<p>En af bestyrelsesmedlemmerne i netv\u00e6rket er Lennart Damsbo-Andersen som, jo nok ogs\u00e5 samtidig, er en af socialdemokratiets st\u00e6rke kort i den sammenh\u00e6ng.<\/p>\n<p><img loading=\"lazy\" decoding=\"async\" class=\"size-full alignleft\" title=\"211220101521\" src=\"https:\/\/df-nyt.dk\/\/wp-content\/uploads\/211220101521.png\" alt=\"\" width=\"219\" height=\"111\" \/><\/p>\n<p>P\u00e5 Netmediet FaceBook skriver arbejdernetv\u00e6rket<br \/>\n\u00d8nsker du ogs\u00e5 politikere, der forst\u00e5r almindelige menneskers dr\u00f8mme og bekymringer? Form\u00e5let med dette netv\u00e6rk er at lave et netv\u00e6rk for folk som ogs\u00e5 mener, at dansk politik er blevet for sn\u00e6ver og at der er for f\u00e5 der har en arbejderbaggrund.<\/p>\n<p>Der skal v\u00e6re mere plads til buschauff\u00f8ren, metalarbejderen, den ufagl\u00e6rte eller kasse- og reng\u00f8ringsdamen eller akademikeren der taler i \u00f8jenh\u00f8jde.<\/p>\n<p>Sagt med andre ord: Der skal ogs\u00e5 v\u00e6re plads til din stemme i dansk politik, ogs\u00e5 selvom du m\u00e5ske ikke lige har en fornem uddannelse!<\/p>\n<p>Netv\u00e6rket skal tale almindelige menneskers sag.<br \/>\nDet bliver demokratiet mere levende af.<\/p>\n<p>Vi vil l\u00f8bende starte debatter herinde p\u00e5 siden \u2013 om alle mulige emner, som optager almindelige mennesker.<\/p>\n<p>Vi h\u00e5ber meget, at du vil v\u00e6re med til at tage debatterne.<br \/>\nDette netv\u00e6rk er ikke kun for socialdemokrater og arbejdere &#8211;<br \/>\nalle er velkommen. Jo flere vi er, jo st\u00e6rkere er vi.<\/p>\n<p>Initiativtagerne bag Arbejdernetv\u00e6rket er folketingsmedlem for socialdemokraterne og havnearbejder, Leif Lahn Jensen og nogle unge med erhvervsuddannelsesbaggrund. Bla. Jesper Trolle Rohde, reperat\u00f8r og talsperson for dsu\u00b4s faglige netv\u00e6rk &#8211; faglig fraktion.<\/p>\n<p>Reference<br \/>\nHjemmesiden, \/\/facebook.com\/pages \/Arbejdernetvaerket\/147397885296199#!\/pages\/Arbejdernetvaerket\/147397885296199<br \/>\n&nbsp;<\/p>\n","protected":false},"excerpt":{"rendered":"<p>Arbejdernetv\u00e6rket er sat p\u00e5 skinner og rykker P\u00e5 Netmediet Facebook er der nu 1.557 personer som syntes det er en rigtig god ide. En af bestyrelsesmedlemmerne i netv\u00e6rket er Lennart Damsbo-Andersen som, jo nok ogs\u00e5 samtidig, er en af socialdemokratiets st\u00e6rke kort i den sammenh\u00e6ng. P\u00e5 Netmediet FaceBook skriver arbejdernetv\u00e6rket \u00d8nsker du ogs\u00e5 politikere, der [&hellip;]<\/p>\n","protected":false},"author":10,"featured_media":0,"comment_status":"open","ping_status":"closed","sticky":false,"template":"","format":"standard","meta":{"footnotes":""},"categories":[1],"tags":[],"class_list":["post-13670","post","type-post","status-publish","format-standard","hentry","category-df-nyt-dk"],"_links":{"self":[{"href":"https:\/\/df-nyt.dk\/blog\/wp-json\/wp\/v2\/posts\/13670","targetHints":{"allow":["GET"]}}],"collection":[{"href":"https:\/\/df-nyt.dk\/blog\/wp-json\/wp\/v2\/posts"}],"about":[{"href":"https:\/\/df-nyt.dk\/blog\/wp-json\/wp\/v2\/types\/post"}],"author":[{"embeddable":true,"href":"https:\/\/df-nyt.dk\/blog\/wp-json\/wp\/v2\/users\/10"}],"replies":[{"embeddable":true,"href":"https:\/\/df-nyt.dk\/blog\/wp-json\/wp\/v2\/comments?post=13670"}],"version-history":[{"count":2,"href":"https:\/\/df-nyt.dk\/blog\/wp-json\/wp\/v2\/posts\/13670\/revisions"}],"predecessor-version":[{"id":102164,"href":"https:\/\/df-nyt.dk\/blog\/wp-json\/wp\/v2\/posts\/13670\/revisions\/102164"}],"wp:attachment":[{"href":"https:\/\/df-nyt.dk\/blog\/wp-json\/wp\/v2\/media?parent=13670"}],"wp:term":[{"taxonomy":"category","embeddable":true,"href":"https:\/\/df-nyt.dk\/blog\/wp-json\/wp\/v2\/categories?post=13670"},{"taxonomy":"post_tag","embeddable":true,"href":"https:\/\/df-nyt.dk\/blog\/wp-json\/wp\/v2\/tags?post=13670"}],"curies":[{"name":"wp","href":"https:\/\/api.w.org\/{rel}","templated":true}]}}