{"id":13717,"date":"2010-12-23T12:12:49","date_gmt":"2010-12-23T11:12:49","guid":{"rendered":"http:\/\/df-nyt.dk\/?p=13717"},"modified":"2025-09-14T08:46:59","modified_gmt":"2025-09-14T06:46:59","slug":"over-otte-millioner-i-bistandshjaelp-til-fynske-medier","status":"publish","type":"post","link":"https:\/\/df-nyt.dk\/blog\/over-otte-millioner-i-bistandshjaelp-til-fynske-medier\/","title":{"rendered":"N\u00e6sten 24 millioner i &#8220;bistandshj\u00e6lp&#8221; til Fynske Medier"},"content":{"rendered":"<p><img loading=\"lazy\" decoding=\"async\" class=\"alignleft size-full \" title=\"231220101210\" src=\"https:\/\/df-nyt.dk\/blog\/wp-content\/uploads\/231220101210.png\" alt=\"\" width=\"338\" height=\"215\" \/><\/p>\n<p>Alt imedens fattigdoms-ramte bliver fattigere og fattigere s\u00e5 beviliges der flere og flere penge til Fynske medier.<\/p>\n<p>Frede Jakobsen skriver:<br \/>\nGyser i oplags-fald \u2013 gysser i massevis til kassen<\/p>\n<p>Oplaget er styrtdykket for Fyns Amts Avis det sidste \u00e5r.<\/p>\n<p>De nye november-tal er ingen undtagelse.<br \/>\nTil geng\u00e6ld f\u00e5r avisen n\u00e6ste \u00e5r dobbelt s\u00e5 mange statslige st\u00f8tte-kroner \u2013 over otte millioner.<\/p>\n<p>Fynske Medier f\u00e5r n\u00e6ste \u00e5r 24 millioner skatte-kroner<\/p>\n<p>Fyns Amts Avis\u2019 l\u00e6sere forsvinder i hastigt tempo.<br \/>\nEndnu hurtigere str\u00f8mmer stats-kronerne ikke desto mindre ned i avisens kasse.<\/p>\n<p>Oplaget n\u00e5ede i november ned p\u00e5 cirka 12.200 eksemplarer.<br \/>\nEt fald p\u00e5 over 15 procent p\u00e5 et \u00e5r.<\/p>\n<p>Avisen kan til geng\u00e6ld se frem til en kl\u00e6kkelig stigning i overf\u00f8rselsindkomsten fra staten n\u00e6ste \u00e5r.<\/p>\n<p>Fyns Amts Avis vil f\u00e5 omkring 8,5 millioner kroner fra staten \u2013 mere end dobbelt s\u00e5 meget som i \u00e5r.<\/p>\n<p>Det svarer til cirka 700 kroner i statslig st\u00f8tte pr. \u00e5rlig avisk\u00f8ber.<br \/>\nSvendborg NetAvis En Svendborg NetAvis historie<br \/>\n\/\/www.svendborgsnetavis.dk\/?p=3252&#8243;<\/p>\n<p>SE: <a href=\"http:\/\/df-nyt.dk\/?p=13699\"><span style=\"text-decoration: underline;\">Online partisoldater \u2013 g\u00f8r de en forskel? <\/span><\/a><br \/>\n&nbsp;<br \/>\nL\u00e6s ogs\u00e5: <a href=\"http:\/\/df-nyt.dk\/?p=13670\"><span style=\"text-decoration: underline;\">Arbejdernetv\u00e6rket er sat p\u00e5 skinner og rykker <\/span><\/a><br \/>\n&nbsp;<\/p>\n","protected":false},"excerpt":{"rendered":"<p>Alt imedens fattigdoms-ramte bliver fattigere og fattigere s\u00e5 beviliges der flere og flere penge til Fynske medier. Frede Jakobsen skriver: Gyser i oplags-fald \u2013 gysser i massevis til kassen Oplaget er styrtdykket for Fyns Amts Avis det sidste \u00e5r. De nye november-tal er ingen undtagelse. Til geng\u00e6ld f\u00e5r avisen n\u00e6ste \u00e5r dobbelt s\u00e5 mange statslige [&hellip;]<\/p>\n","protected":false},"author":10,"featured_media":0,"comment_status":"open","ping_status":"closed","sticky":false,"template":"","format":"standard","meta":{"footnotes":""},"categories":[1],"tags":[],"class_list":["post-13717","post","type-post","status-publish","format-standard","hentry","category-df-nyt-dk"],"_links":{"self":[{"href":"https:\/\/df-nyt.dk\/blog\/wp-json\/wp\/v2\/posts\/13717","targetHints":{"allow":["GET"]}}],"collection":[{"href":"https:\/\/df-nyt.dk\/blog\/wp-json\/wp\/v2\/posts"}],"about":[{"href":"https:\/\/df-nyt.dk\/blog\/wp-json\/wp\/v2\/types\/post"}],"author":[{"embeddable":true,"href":"https:\/\/df-nyt.dk\/blog\/wp-json\/wp\/v2\/users\/10"}],"replies":[{"embeddable":true,"href":"https:\/\/df-nyt.dk\/blog\/wp-json\/wp\/v2\/comments?post=13717"}],"version-history":[{"count":2,"href":"https:\/\/df-nyt.dk\/blog\/wp-json\/wp\/v2\/posts\/13717\/revisions"}],"predecessor-version":[{"id":109921,"href":"https:\/\/df-nyt.dk\/blog\/wp-json\/wp\/v2\/posts\/13717\/revisions\/109921"}],"wp:attachment":[{"href":"https:\/\/df-nyt.dk\/blog\/wp-json\/wp\/v2\/media?parent=13717"}],"wp:term":[{"taxonomy":"category","embeddable":true,"href":"https:\/\/df-nyt.dk\/blog\/wp-json\/wp\/v2\/categories?post=13717"},{"taxonomy":"post_tag","embeddable":true,"href":"https:\/\/df-nyt.dk\/blog\/wp-json\/wp\/v2\/tags?post=13717"}],"curies":[{"name":"wp","href":"https:\/\/api.w.org\/{rel}","templated":true}]}}