{"id":13761,"date":"2010-12-23T20:52:08","date_gmt":"2010-12-23T19:52:08","guid":{"rendered":"http:\/\/df-nyt.dk\/?p=13761"},"modified":"2017-09-09T12:53:55","modified_gmt":"2017-09-09T10:53:55","slug":"sf-aktiveringscirkus-for-arbejdslose-fortsaetter","status":"publish","type":"post","link":"https:\/\/df-nyt.dk\/blog\/sf-aktiveringscirkus-for-arbejdslose-fortsaetter\/","title":{"rendered":"SF: Aktiveringscirkus for arbejdsl\u00f8se forts\u00e6tter"},"content":{"rendered":"<p><strong><a href=\"https:\/\/df-nyt.dk\/blog\/wp-content\/uploads\/231220102050.png\"><img loading=\"lazy\" decoding=\"async\" class=\"alignleft size-full wp-image-13762\" title=\"231220102050\" src=\"https:\/\/df-nyt.dk\/blog\/wp-content\/uploads\/231220102050.png\" alt=\"\" width=\"276\" height=\"198\" \/><\/a><\/strong><\/p>\n<p><strong>\u201dFra nyt\u00e5r bliver \u00e9t aktiverings-cirkus for arbejdsl\u00f8se afl\u00f8st af et andet aktiverings-cirkus.<\/strong><\/p>\n<p>Skriver SF i en pressemeddelse &#8211;\u00a0Og forts\u00e6tter med f\u00f8lgende.<\/p>\n<p><strong>Det har de borgerlige partier vedtaget.<\/strong><\/p>\n<p>De elsker desv\u00e6rre et system, som opfordrer kommunerne til kasset\u00e6nkning.<\/p>\n<p>Men det drukner den enkelte arbejdsl\u00f8ses individuelle behov for hj\u00e6lp med at komme i job, \u201d siger SF\u2019s arbejdsmarkedsordf\u00f8rer Eigil Andersen<\/p>\n<p>\u201dTitusinder af arbejdsl\u00f8se slipper fra det nye \u00e5rfor de s\u00e5kaldte jobs\u00f8gningskurser, hvor man skal finde sin indre fugl.<\/p>\n<p>Her afskaffes den h\u00f8je refusion fra staten til kommunerne.<\/p>\n<p>Men dette aktiverings-cirkus afl\u00f8ses af et andet aktivrings-cirkus, hvor arbejdsl\u00f8se bliver sendt ud i virksomhedspraktik, som fremover giver h\u00f8j refusion, og hvor de ledige arbejder gratis for deres dagpenge.<\/p>\n<p>Men i de fleste tilf\u00e6lde bliver der desv\u00e6rre tale om ren \u201dopbevaring\u201d af den ledige \u2013 uden perspektiv om at kunne f\u00e5 et job,\u201d siger Eigil Andersen, arbejdsmarkedsordf\u00f8rer for SF i Folketinget.<\/p>\n<p>Han understreger, at svage ledige ogs\u00e5 bliver tabere i det nye system.<\/p>\n<p>Det drejer sig bl.a. om kontanthj\u00e6lpsmodtagere, der har andre problemer end ledighed, f. eks. psykiske lidelser eller misbrug af alkohol eller stoffer.<\/p>\n<p>De er slet ikke parate til at komme ud i virksomhedspraktik og har brug for andre former for hj\u00e6lp.<\/p>\n<p>Men kommunerne straffes for en s\u00e5dan indsats, fordi den fra nyt\u00e5r ikke giver h\u00f8j refusion.<\/p>\n<p>\u201dInger St\u00f8jberg, Dansk Folkeparti og Liberal Alliance sk\u00e6rer ogs\u00e5 ned<br \/>\np\u00e5 muligheden for efteruddannelse og uddannelse til arbejdsl\u00f8se.<\/p>\n<p>Disse muligheder var i forvejen alt for sm\u00e5.<\/p>\n<p>Men nu sk\u00e6res aktiveringsudgiften pr. dagpengemodtager yderligere ned fra 19.232 kr.<br \/>\ntil 13.700 kr. pr. \u00e5r,\u201d siger Eigil Andersen. If\u00f8lge en pressemeddelse fra SF<\/p>\n<p><a href=\"http:\/\/www.sf.dk\/\" target=\"_blank\" rel=\"noopener\"><span style=\"text-decoration: underline;\"><strong>L\u00e6s flere nyheder fra SF &#8211; HER <\/strong><\/span><\/a><\/p>\n<p>&nbsp;<\/p>\n","protected":false},"excerpt":{"rendered":"<p>\u201dFra nyt\u00e5r bliver \u00e9t aktiverings-cirkus for arbejdsl\u00f8se afl\u00f8st af et andet aktiverings-cirkus. Skriver SF i en pressemeddelse &#8211;\u00a0Og forts\u00e6tter med f\u00f8lgende. Det har de borgerlige partier vedtaget. De elsker desv\u00e6rre et system, som opfordrer kommunerne til kasset\u00e6nkning. Men det drukner den enkelte arbejdsl\u00f8ses individuelle behov for hj\u00e6lp med at komme i job, \u201d siger SF\u2019s [&hellip;]<\/p>\n","protected":false},"author":10,"featured_media":0,"comment_status":"open","ping_status":"closed","sticky":false,"template":"","format":"standard","meta":{"footnotes":""},"categories":[1],"tags":[],"class_list":["post-13761","post","type-post","status-publish","format-standard","hentry","category-df-nyt-dk"],"_links":{"self":[{"href":"https:\/\/df-nyt.dk\/blog\/wp-json\/wp\/v2\/posts\/13761","targetHints":{"allow":["GET"]}}],"collection":[{"href":"https:\/\/df-nyt.dk\/blog\/wp-json\/wp\/v2\/posts"}],"about":[{"href":"https:\/\/df-nyt.dk\/blog\/wp-json\/wp\/v2\/types\/post"}],"author":[{"embeddable":true,"href":"https:\/\/df-nyt.dk\/blog\/wp-json\/wp\/v2\/users\/10"}],"replies":[{"embeddable":true,"href":"https:\/\/df-nyt.dk\/blog\/wp-json\/wp\/v2\/comments?post=13761"}],"version-history":[{"count":0,"href":"https:\/\/df-nyt.dk\/blog\/wp-json\/wp\/v2\/posts\/13761\/revisions"}],"wp:attachment":[{"href":"https:\/\/df-nyt.dk\/blog\/wp-json\/wp\/v2\/media?parent=13761"}],"wp:term":[{"taxonomy":"category","embeddable":true,"href":"https:\/\/df-nyt.dk\/blog\/wp-json\/wp\/v2\/categories?post=13761"},{"taxonomy":"post_tag","embeddable":true,"href":"https:\/\/df-nyt.dk\/blog\/wp-json\/wp\/v2\/tags?post=13761"}],"curies":[{"name":"wp","href":"https:\/\/api.w.org\/{rel}","templated":true}]}}