{"id":13883,"date":"2010-12-27T16:29:50","date_gmt":"2010-12-27T15:29:50","guid":{"rendered":"http:\/\/df-nyt.dk\/?p=13883"},"modified":"2025-07-07T21:24:41","modified_gmt":"2025-07-07T19:24:41","slug":"ny-danmarksrekord-til-guinnes-rekordbog-2010","status":"publish","type":"post","link":"https:\/\/df-nyt.dk\/blog\/ny-danmarksrekord-til-guinnes-rekordbog-2010\/","title":{"rendered":"Ny Danmarksrekord til Guinnes Rekordbog 2010."},"content":{"rendered":"<p>P\u00e5 kun tyve dage, fra den 7.\u00a0 til den 27. december er der lagt 10.000 flere CV&#8217;er ind p\u00e5 Jobnet.dk,<\/p>\n<p>500 pr. dag, i gennemsnit.<\/p>\n<p>For at kunne f\u00e5 dagpenge, skal du bl.a. l\u00e6gge dit CV p\u00e5 www.jobnet.dk, derfor er antallet af aktive CVer interessant.<\/p>\n<p><img loading=\"lazy\" decoding=\"async\" class=\"alignleft size-full wp-image-13909\" title=\"271220101745\" src=\"https:\/\/df-nyt.dk\/blog\/wp-content\/uploads\/271220101745.png\" alt=\"\" width=\"234\" height=\"220\" \/><br \/>\n&nbsp;<br \/>\nDen syvende december var der registeret 210.132 CV\u2019er.<\/p>\n<p>I dag klokken 17:44. &#8211; n\u00e5ede vi op p\u00e5 &#8211; 220.136 CV&#8217;er.<\/p>\n<p>Dermed var de 10.000. p\u00e5 tyve dage hjemme.<\/p>\n<p>Hurra! &#8230;<\/p>\n<p>Og &#8211; Tillykke til Dansk Folkeparti og VK&#8230; med rekorden p\u00e5 220.000. CV&#8217;er. p\u00e5 www.jobnet.dk<\/p>\n<p>Som Thor Petersen en gang sagde:<br \/>\n&#8216;Vi er snart s\u00e5 velhavende at vi kan k\u00f8be hele verdenen&#8217;.<\/p>\n<p>Sidenhen er det kun g\u00e5et fremad.<br \/>\nNu f\u00e5r vi efterh\u00e5nden alle, &#8230; masser af fritid &#8211; indtil vi, undre tvang, &#8211; skal arbejde uden l\u00f8n i besk\u00e6ftigelsesministerens nyeste geniale projekt som \u00a0skal skaffe arbejdskraft, til det<br \/>\narbejdskraft-hungrende erhvervsliv.<\/p>\n<p>Dansk Folkeparti og den lykke-ramte regering er vildt begejstrede for ideen, &#8230; s\u00e5 den m\u00e5 v\u00e6re go.<\/p>\n<p>For yderlig l\u00e6sning.<\/p>\n<p><a href=\"https:\/\/df-nyt.dk:80\/?p=13765\" target=\"_blank\" rel=\"noopener\"><span style=\"text-decoration: underline;\"> L\u00e6s, Fagfolk: ledige taber p\u00e5 reform<\/span><\/a><br \/>\n&nbsp;<br \/>\n<a href=\"http:\/\/df-nyt.dk\/?page_id=4727\" target=\"_blank\" rel=\"noopener\"><span style=\"text-decoration: underline;\">Se: Job-Banken HER <\/span><\/a><br \/>\n&nbsp;<br \/>\n<a href=\"http:\/\/df-nyt.dk\/?p=13015\" target=\"_blank\" rel=\"noopener\"><span style=\"text-decoration: underline;\">Se ogs\u00e5: S\u00e5 rundede man 210.000 aktive CV\u2019er p\u00e5 jobnet.dk<\/span><\/a><br \/>\n&nbsp;<\/p>\n","protected":false},"excerpt":{"rendered":"<p>P\u00e5 kun tyve dage, fra den 7.\u00a0 til den 27. december er der lagt 10.000 flere CV&#8217;er ind p\u00e5 Jobnet.dk, 500 pr. dag, i gennemsnit. For at kunne f\u00e5 dagpenge, skal du bl.a. l\u00e6gge dit CV p\u00e5 www.jobnet.dk, derfor er antallet af aktive CVer interessant. &nbsp; Den syvende december var der registeret 210.132 CV\u2019er. I [&hellip;]<\/p>\n","protected":false},"author":10,"featured_media":0,"comment_status":"open","ping_status":"closed","sticky":false,"template":"","format":"standard","meta":{"footnotes":""},"categories":[1],"tags":[],"class_list":["post-13883","post","type-post","status-publish","format-standard","hentry","category-df-nyt-dk"],"_links":{"self":[{"href":"https:\/\/df-nyt.dk\/blog\/wp-json\/wp\/v2\/posts\/13883","targetHints":{"allow":["GET"]}}],"collection":[{"href":"https:\/\/df-nyt.dk\/blog\/wp-json\/wp\/v2\/posts"}],"about":[{"href":"https:\/\/df-nyt.dk\/blog\/wp-json\/wp\/v2\/types\/post"}],"author":[{"embeddable":true,"href":"https:\/\/df-nyt.dk\/blog\/wp-json\/wp\/v2\/users\/10"}],"replies":[{"embeddable":true,"href":"https:\/\/df-nyt.dk\/blog\/wp-json\/wp\/v2\/comments?post=13883"}],"version-history":[{"count":4,"href":"https:\/\/df-nyt.dk\/blog\/wp-json\/wp\/v2\/posts\/13883\/revisions"}],"predecessor-version":[{"id":108757,"href":"https:\/\/df-nyt.dk\/blog\/wp-json\/wp\/v2\/posts\/13883\/revisions\/108757"}],"wp:attachment":[{"href":"https:\/\/df-nyt.dk\/blog\/wp-json\/wp\/v2\/media?parent=13883"}],"wp:term":[{"taxonomy":"category","embeddable":true,"href":"https:\/\/df-nyt.dk\/blog\/wp-json\/wp\/v2\/categories?post=13883"},{"taxonomy":"post_tag","embeddable":true,"href":"https:\/\/df-nyt.dk\/blog\/wp-json\/wp\/v2\/tags?post=13883"}],"curies":[{"name":"wp","href":"https:\/\/api.w.org\/{rel}","templated":true}]}}