{"id":13934,"date":"2010-12-28T12:54:16","date_gmt":"2010-12-28T11:54:16","guid":{"rendered":"http:\/\/df-nyt.dk\/?p=13934"},"modified":"2023-10-30T06:07:38","modified_gmt":"2023-10-30T05:07:38","slug":"mister-job-kan-ikke-fa-passet-b%c3%b8rn","status":"publish","type":"post","link":"https:\/\/df-nyt.dk\/blog\/mister-job-kan-ikke-fa-passet-b%c3%b8rn\/","title":{"rendered":"Mister job kan ikke f\u00e5 passet b\u00f8rn"},"content":{"rendered":"<p><img loading=\"lazy\" decoding=\"async\" src=\"https:\/\/df-nyt.dk\/wp-content\/uploads\/281220101245.png\" alt=\"\" width=\"227\" height=\"62\" class=\"alignnone size-full \" \/><\/p>\n<p>Mister job kan ikke f\u00e5 passet b\u00f8rn<br \/>\nArbejdsplads vil ikke acceptere nedsat tid<\/p>\n<p>Politikerne i Egedals byr\u00e5d lyttede opm\u00e6rksomt, da Anja Andrup fra Stenl\u00f8se troppede op til kommunalbestyrelsens sp\u00f8rgetid onsdag f\u00f8r jul.<\/p>\n<p>\u00c5rsagen er, at Anja Andrup er blevet tilbudt en unavngiven dagplejer af Egedal Kommune,<br \/>\nsom slet ikke opfylder den \u00e5bningstid, som Andrup og hendes mand skal bruge.<\/p>\n<p>Mister job for at kunne passe b\u00f8rn.<br \/>\nP\u00e5 byr\u00e5dsm\u00f8det var der da ogs\u00e5 enighed om at f\u00f8lge Anja Andrups sag op:<br \/>\n-Det kan slet ikke v\u00e6re meningen, at folk skal sige deres gode job op, fordi de ikke kan f\u00e5 passet deres b\u00f8rn p\u00e5 en tilfredsstillende m\u00e5de,&#8221; sagde formanden for b\u00f8rneudvalget Vicky Holst Rasmussen (S).<\/p>\n<p>Hun lovede at tage sagen op &#8211; b\u00e5de i udvalget og hos forvaltningen, Skriver LokalAvisen\/Egedal<\/p>\n<p>Reference<br \/>\nHjemmesiden, \/\/egedal.lokalavisen.dk\/mor-risikerer-sit-job-paa-grund-af-boernepasning\/20101228\/artikler\/701049977\/1027<br \/>\n&nbsp;<br \/>\n<a href=\"https:\/\/df-nyt.dk\/?p=13883\" target=\"_blank\" rel=\"noopener noreferrer\"><span style=\"text-decoration: underline\">Ny Danmarksrekord til Guinnes Rekordbog 2010<\/span><\/a><\/p>\n<p>Tillykke til Dansk Folkeparti og VK-regeringen med rekorden p\u00e5, 220.000. CV&#8217;er p\u00e5 jobnet.dk<\/p>\n","protected":false},"excerpt":{"rendered":"<p>Mister job kan ikke f\u00e5 passet b\u00f8rn Arbejdsplads vil ikke acceptere nedsat tid Politikerne i Egedals byr\u00e5d lyttede opm\u00e6rksomt, da Anja Andrup fra Stenl\u00f8se troppede op til kommunalbestyrelsens sp\u00f8rgetid onsdag f\u00f8r jul. \u00c5rsagen er, at Anja Andrup er blevet tilbudt en unavngiven dagplejer af Egedal Kommune, som slet ikke opfylder den \u00e5bningstid, som Andrup og [&hellip;]<\/p>\n","protected":false},"author":10,"featured_media":0,"comment_status":"open","ping_status":"closed","sticky":false,"template":"","format":"standard","meta":{"footnotes":""},"categories":[1],"tags":[],"class_list":["post-13934","post","type-post","status-publish","format-standard","hentry","category-df-nyt-dk"],"_links":{"self":[{"href":"https:\/\/df-nyt.dk\/blog\/wp-json\/wp\/v2\/posts\/13934","targetHints":{"allow":["GET"]}}],"collection":[{"href":"https:\/\/df-nyt.dk\/blog\/wp-json\/wp\/v2\/posts"}],"about":[{"href":"https:\/\/df-nyt.dk\/blog\/wp-json\/wp\/v2\/types\/post"}],"author":[{"embeddable":true,"href":"https:\/\/df-nyt.dk\/blog\/wp-json\/wp\/v2\/users\/10"}],"replies":[{"embeddable":true,"href":"https:\/\/df-nyt.dk\/blog\/wp-json\/wp\/v2\/comments?post=13934"}],"version-history":[{"count":1,"href":"https:\/\/df-nyt.dk\/blog\/wp-json\/wp\/v2\/posts\/13934\/revisions"}],"predecessor-version":[{"id":101196,"href":"https:\/\/df-nyt.dk\/blog\/wp-json\/wp\/v2\/posts\/13934\/revisions\/101196"}],"wp:attachment":[{"href":"https:\/\/df-nyt.dk\/blog\/wp-json\/wp\/v2\/media?parent=13934"}],"wp:term":[{"taxonomy":"category","embeddable":true,"href":"https:\/\/df-nyt.dk\/blog\/wp-json\/wp\/v2\/categories?post=13934"},{"taxonomy":"post_tag","embeddable":true,"href":"https:\/\/df-nyt.dk\/blog\/wp-json\/wp\/v2\/tags?post=13934"}],"curies":[{"name":"wp","href":"https:\/\/api.w.org\/{rel}","templated":true}]}}