{"id":13946,"date":"2010-12-29T13:34:47","date_gmt":"2010-12-29T12:34:47","guid":{"rendered":"http:\/\/df-nyt.dk\/?p=13946"},"modified":"2025-09-14T08:40:17","modified_gmt":"2025-09-14T06:40:17","slug":"en-lang-og-sej-kamp-for-at-fa-ret","status":"publish","type":"post","link":"https:\/\/df-nyt.dk\/blog\/en-lang-og-sej-kamp-for-at-fa-ret\/","title":{"rendered":"En lang og sej kamp for at f\u00e5 ret"},"content":{"rendered":"<p><img loading=\"lazy\" decoding=\"async\" class=\"alignleft size-full \" title=\"291220101331\" src=\"http:\/\/df-nyt.dk\/\/wp-content\/uploads\/291220101331.png\" alt=\"\" width=\"217\" height=\"177\" \/><\/p>\n<p>En lang og sej kamp for at f\u00e5 ret<\/p>\n<p>B\u00e5de det kommunale Jobcenter og Besk\u00e6ftigelses-anken\u00e6vnet handlede forkert.<\/p>\n<p>Det siger Ankestyrelsen \u2013 den h\u00f8jeste myndighed i den slags sager \u2013 om en sag, hvor kommunen stoppede udbetalingen af sygedagpenge til en sygemeldt svendborgensisk metalarbejder, Michael Nord.<\/p>\n<p>Afg\u00f8relsen i Ankestyrelsen gavner ikke blot Michael Nord.<\/p>\n<p>Det er nemlig en principiel afg\u00f8relse, som f\u00e5r betydning i andre lignende sager.<\/p>\n<p>Ankestyrelsen tager kun sager \u2013 der har v\u00e6ret behandlet i Besk\u00e6ftigelsesanken\u00e6vnet \u2013 hvis de er principielle.<\/p>\n<p>Michael Nord var desperat, da det kommunale Jobcenter for et \u00e5r siden pr. brev meddelte ham, at der fem dage senere ville blive lukket for kassen \u2013 han ville ikke l\u00e6ngere kunne f\u00e5 sygedagpenge.<\/p>\n<p>I efter\u00e5ret 2009 kom han i arbejdspr\u00f8vning \u2013 men gik ned p\u00e5 det<br \/>\nSkriver Frede Jakobsen p\u00e5 Svendborg Netavis &#8230;<br \/>\n\/\/www.svendborgsnetavis.dk\/?p=3299&#8243;<\/p>\n<p>For yderlig l\u00e6sning.<\/p>\n<p><a href=\"http:\/\/df-nyt.dk\/?p=13883\"><span style=\"text-decoration: underline;\"> Ny Danmarksrekord til Guinnes Rekordbog 2010. <\/span><\/a><br \/>\n&nbsp;<\/p>\n","protected":false},"excerpt":{"rendered":"<p>En lang og sej kamp for at f\u00e5 ret B\u00e5de det kommunale Jobcenter og Besk\u00e6ftigelses-anken\u00e6vnet handlede forkert. Det siger Ankestyrelsen \u2013 den h\u00f8jeste myndighed i den slags sager \u2013 om en sag, hvor kommunen stoppede udbetalingen af sygedagpenge til en sygemeldt svendborgensisk metalarbejder, Michael Nord. Afg\u00f8relsen i Ankestyrelsen gavner ikke blot Michael Nord. Det er [&hellip;]<\/p>\n","protected":false},"author":10,"featured_media":0,"comment_status":"open","ping_status":"closed","sticky":false,"template":"","format":"standard","meta":{"footnotes":""},"categories":[1],"tags":[],"class_list":["post-13946","post","type-post","status-publish","format-standard","hentry","category-df-nyt-dk"],"_links":{"self":[{"href":"https:\/\/df-nyt.dk\/blog\/wp-json\/wp\/v2\/posts\/13946","targetHints":{"allow":["GET"]}}],"collection":[{"href":"https:\/\/df-nyt.dk\/blog\/wp-json\/wp\/v2\/posts"}],"about":[{"href":"https:\/\/df-nyt.dk\/blog\/wp-json\/wp\/v2\/types\/post"}],"author":[{"embeddable":true,"href":"https:\/\/df-nyt.dk\/blog\/wp-json\/wp\/v2\/users\/10"}],"replies":[{"embeddable":true,"href":"https:\/\/df-nyt.dk\/blog\/wp-json\/wp\/v2\/comments?post=13946"}],"version-history":[{"count":2,"href":"https:\/\/df-nyt.dk\/blog\/wp-json\/wp\/v2\/posts\/13946\/revisions"}],"predecessor-version":[{"id":109919,"href":"https:\/\/df-nyt.dk\/blog\/wp-json\/wp\/v2\/posts\/13946\/revisions\/109919"}],"wp:attachment":[{"href":"https:\/\/df-nyt.dk\/blog\/wp-json\/wp\/v2\/media?parent=13946"}],"wp:term":[{"taxonomy":"category","embeddable":true,"href":"https:\/\/df-nyt.dk\/blog\/wp-json\/wp\/v2\/categories?post=13946"},{"taxonomy":"post_tag","embeddable":true,"href":"https:\/\/df-nyt.dk\/blog\/wp-json\/wp\/v2\/tags?post=13946"}],"curies":[{"name":"wp","href":"https:\/\/api.w.org\/{rel}","templated":true}]}}