{"id":13951,"date":"2010-12-29T19:56:26","date_gmt":"2010-12-29T18:56:26","guid":{"rendered":"http:\/\/df-nyt.dk\/?p=13951"},"modified":"2025-07-07T21:21:26","modified_gmt":"2025-07-07T19:21:26","slug":"socialforvaltninger-og-jobcentre-darlig-oplevelse","status":"publish","type":"post","link":"https:\/\/df-nyt.dk\/blog\/socialforvaltninger-og-jobcentre-darlig-oplevelse\/","title":{"rendered":"Socialforvaltninger og Jobcentre d\u00e5rlig oplevelse"},"content":{"rendered":"<p><img loading=\"lazy\" decoding=\"async\" class=\"alignleft size-full \" title=\"291220101943\" src=\"https:\/\/df-nyt.dk\/blog\/wp-content\/uploads\/291220101943.png\" alt=\"\" width=\"235\" height=\"144\" \/><br \/>\nSocialforvaltninger og Jobcentre d\u00e5rlig oplevelse<\/p>\n<p>Vrede, afm\u00e6gtighed og f\u00f8lelsen af ikke at blive lyttet til.<\/p>\n<p>Mange borgere, som m\u00f8der det sociale system best\u00e5ende af bl.a. socialforvaltninger og jobcentre, synes ikke de f\u00e5r den rigtige hj\u00e6lp til at komme videre, skriver lektor S\u00f8ren Juul.<\/p>\n<p>Den 7. januar forsvarer han sin doktorafhandling om solidaritet, der ogs\u00e5 best\u00e5r af en kritisk analyse af det sociale system.<\/p>\n<p>Han kritiserer, politikikerne for at de har overset, og stadig overser betydningen af, om klienterne i det sociale system f\u00f8ler sig retf\u00e6rdigt behandlet.<\/p>\n<p>I sin doktorafhandling fortolker han det ud fra en filosofisk teori om, hvad anerkendelse betyder for individer og for samfundsudviklingen.<\/p>\n<p>Den tyske filosof Alex Honneth argumenterer for, at anerkendelse er en foruds\u00e6tning for, at mennesket kan udvikle selvtillid.<\/p>\n<p>Menneskets identitet afh\u00e6nger af sociale relationer til andre og deres anerkendelse.<\/p>\n<p>Anerkendelsesrelationer er vigtige elementer i samfundsudviklingen. Klienterne i det sociale system f\u00f8ler, at der bliver talt henover hovedet p\u00e5 dem.<\/p>\n<p>Mange mister fornemmelsen at v\u00e6re herre over deres eget liv, f\u00f8ler sig nedgjorte og umyndiggjort.<\/p>\n<p>Reference:<br \/>\n\/\/videnskab.dk<br \/>\n\/\/www.videnskab.dk:80\/content\/dk\/samfund\/forsker_kritiserer_det_danske_sociale_system&#8221;<\/p>\n<p>L\u00e6s ogs\u00e5: <span style=\"text-decoration: underline;\"><a href=\"http:\/\/df-nyt.dk\/?p=13946\">En lang og sej kamp for at f\u00e5 ret<\/a><\/span><br \/>\n&nbsp;<br \/>\nSe ogs\u00e5:<span style=\"text-decoration: underline;\"><a href=\"http:\/\/df-nyt.dk\/?p=13883\"> Ny Danmarksrekord til Guinnes Rekordbog 2010. <\/a><\/span><\/p>\n","protected":false},"excerpt":{"rendered":"<p>Socialforvaltninger og Jobcentre d\u00e5rlig oplevelse Vrede, afm\u00e6gtighed og f\u00f8lelsen af ikke at blive lyttet til. Mange borgere, som m\u00f8der det sociale system best\u00e5ende af bl.a. socialforvaltninger og jobcentre, synes ikke de f\u00e5r den rigtige hj\u00e6lp til at komme videre, skriver lektor S\u00f8ren Juul. Den 7. januar forsvarer han sin doktorafhandling om solidaritet, der ogs\u00e5 best\u00e5r [&hellip;]<\/p>\n","protected":false},"author":10,"featured_media":0,"comment_status":"open","ping_status":"closed","sticky":false,"template":"","format":"standard","meta":{"footnotes":""},"categories":[1],"tags":[],"class_list":["post-13951","post","type-post","status-publish","format-standard","hentry","category-df-nyt-dk"],"_links":{"self":[{"href":"https:\/\/df-nyt.dk\/blog\/wp-json\/wp\/v2\/posts\/13951","targetHints":{"allow":["GET"]}}],"collection":[{"href":"https:\/\/df-nyt.dk\/blog\/wp-json\/wp\/v2\/posts"}],"about":[{"href":"https:\/\/df-nyt.dk\/blog\/wp-json\/wp\/v2\/types\/post"}],"author":[{"embeddable":true,"href":"https:\/\/df-nyt.dk\/blog\/wp-json\/wp\/v2\/users\/10"}],"replies":[{"embeddable":true,"href":"https:\/\/df-nyt.dk\/blog\/wp-json\/wp\/v2\/comments?post=13951"}],"version-history":[{"count":4,"href":"https:\/\/df-nyt.dk\/blog\/wp-json\/wp\/v2\/posts\/13951\/revisions"}],"predecessor-version":[{"id":108754,"href":"https:\/\/df-nyt.dk\/blog\/wp-json\/wp\/v2\/posts\/13951\/revisions\/108754"}],"wp:attachment":[{"href":"https:\/\/df-nyt.dk\/blog\/wp-json\/wp\/v2\/media?parent=13951"}],"wp:term":[{"taxonomy":"category","embeddable":true,"href":"https:\/\/df-nyt.dk\/blog\/wp-json\/wp\/v2\/categories?post=13951"},{"taxonomy":"post_tag","embeddable":true,"href":"https:\/\/df-nyt.dk\/blog\/wp-json\/wp\/v2\/tags?post=13951"}],"curies":[{"name":"wp","href":"https:\/\/api.w.org\/{rel}","templated":true}]}}