{"id":13977,"date":"2010-12-29T21:17:52","date_gmt":"2010-12-29T20:17:52","guid":{"rendered":"http:\/\/df-nyt.dk\/?p=13977"},"modified":"2025-07-14T17:09:55","modified_gmt":"2025-07-14T15:09:55","slug":"r-betryggende-at-pet-afv%c3%a6rger-terror","status":"publish","type":"post","link":"https:\/\/df-nyt.dk\/blog\/r-betryggende-at-pet-afv%c3%a6rger-terror\/","title":{"rendered":"R: Betryggende, at PET afv\u00e6rger terror"},"content":{"rendered":"<p><img decoding=\"async\" class=\"alignleft size-full \" title=\"291220102115\" src=\"http:\/blog\/df-nyt.dk\/wp-content\/uploads\/291220102115.png\" alt=\"\"width=\"191\" height=\"125\" \/><\/p>\n<p>&#8220;Det er betryggende, at den danske efterretningstjeneste, PET, under hele forl\u00f8bet har haft situationen under kontrol, og at PET har haft et tilsyneladende up\u00e5klageligt samarbejde med den svenske efterretningstjeneste,&#8221; siger den radikale gruppeformand Margrethe Vestager i en kommentar til det netop afv\u00e6rgede terror-angreb p\u00e5 JP\/Politikens Hus.<\/p>\n<p>&#8220;Det m\u00e5 v\u00e6re skr\u00e6kindjagende for medarbejderne.<br \/>\n\u00c9t er at vide, at ens arbejdsplads er truet, noget andet er at st\u00e5 over for en konkret terrortrussel.<\/p>\n<p>Det m\u00e5 f\u00f8les voldsomt, og det g\u00f8r mig vred, at nogle tager dette konkrete skridt, for det er i sagens natur et angreb mod alle i Danmark.&#8221;<\/p>\n<p>&#8220;Det er dog betryggende, at PET har haft kontrol over forl\u00f8bet.<br \/>\nDet viser, at vores efterretningstjeneste virker &#8211; ogs\u00e5 n\u00e5r Danmark st\u00e5r over for helt konkrete terrorplaner.<\/p>\n<p>Det m\u00e5 vi trods alt konstatere,&#8221; siger Margrethe Vestager.<\/p>\n<p>\/\/www.radikale.dk\/<\/p>\n","protected":false},"excerpt":{"rendered":"<p>&#8220;Det er betryggende, at den danske efterretningstjeneste, PET, under hele forl\u00f8bet har haft situationen under kontrol, og at PET har haft et tilsyneladende up\u00e5klageligt samarbejde med den svenske efterretningstjeneste,&#8221; siger den radikale gruppeformand Margrethe Vestager i en kommentar til det netop afv\u00e6rgede terror-angreb p\u00e5 JP\/Politikens Hus. &#8220;Det m\u00e5 v\u00e6re skr\u00e6kindjagende for medarbejderne. \u00c9t er at [&hellip;]<\/p>\n","protected":false},"author":10,"featured_media":0,"comment_status":"open","ping_status":"closed","sticky":false,"template":"","format":"standard","meta":{"footnotes":""},"categories":[1],"tags":[],"class_list":["post-13977","post","type-post","status-publish","format-standard","hentry","category-df-nyt-dk"],"_links":{"self":[{"href":"https:\/\/df-nyt.dk\/blog\/wp-json\/wp\/v2\/posts\/13977","targetHints":{"allow":["GET"]}}],"collection":[{"href":"https:\/\/df-nyt.dk\/blog\/wp-json\/wp\/v2\/posts"}],"about":[{"href":"https:\/\/df-nyt.dk\/blog\/wp-json\/wp\/v2\/types\/post"}],"author":[{"embeddable":true,"href":"https:\/\/df-nyt.dk\/blog\/wp-json\/wp\/v2\/users\/10"}],"replies":[{"embeddable":true,"href":"https:\/\/df-nyt.dk\/blog\/wp-json\/wp\/v2\/comments?post=13977"}],"version-history":[{"count":8,"href":"https:\/\/df-nyt.dk\/blog\/wp-json\/wp\/v2\/posts\/13977\/revisions"}],"predecessor-version":[{"id":108998,"href":"https:\/\/df-nyt.dk\/blog\/wp-json\/wp\/v2\/posts\/13977\/revisions\/108998"}],"wp:attachment":[{"href":"https:\/\/df-nyt.dk\/blog\/wp-json\/wp\/v2\/media?parent=13977"}],"wp:term":[{"taxonomy":"category","embeddable":true,"href":"https:\/\/df-nyt.dk\/blog\/wp-json\/wp\/v2\/categories?post=13977"},{"taxonomy":"post_tag","embeddable":true,"href":"https:\/\/df-nyt.dk\/blog\/wp-json\/wp\/v2\/tags?post=13977"}],"curies":[{"name":"wp","href":"https:\/\/api.w.org\/{rel}","templated":true}]}}