{"id":13983,"date":"2010-12-30T11:53:16","date_gmt":"2010-12-30T10:53:16","guid":{"rendered":"http:\/\/df-nyt.dk\/?p=13983"},"modified":"2025-07-10T17:19:18","modified_gmt":"2025-07-10T15:19:18","slug":"ralf-pittelkow-den-venstreorienterede-samfundsdebat-er-i-dag-praeget-af-intellektuel-armod","status":"publish","type":"post","link":"https:\/\/df-nyt.dk\/blog\/ralf-pittelkow-den-venstreorienterede-samfundsdebat-er-i-dag-praeget-af-intellektuel-armod\/","title":{"rendered":"Ralf Pittelkow: &#8216;Den venstreorienterede samfundsdebat er i dag pr\u00e6get af intellektuel armod&#8217;"},"content":{"rendered":"<p>Ralf Pittelkow: \u2018Den venstreorienterede samfundsdebat er i dag pr\u00e6get af intellektuel armod\u2019<\/p>\n<p>Ralf Pittelkow pr\u00f8ver stadig at s\u00e6tte dagsorden og s\u00e6lger<span style=\"text-decoration: underline;\"> B\u00f8h-b\u00f8ger.<\/span><\/p>\n<p>Men dialog, er ikke det st\u00e6rkeste parameter i debatten, som man flygter fra.<\/p>\n<p>Er det fordi argumenterne ikke r\u00e6kker?<\/p>\n<p>Ekstrabladet l\u00e6gger ud:<br \/>\n<img loading=\"lazy\" decoding=\"async\" class=\"alignnone size-full \" title=\"301220101032\" src=\"http:\/\/df-nyt.dk\/\/wp-content\/uploads\/301220101032.png\" alt=\"\" width=\"337\" height=\"420\" \/><br \/>\nOg s\u00e5 ser vi igen, herunder,<br \/>\nat sm\u00e6dekampanger erstatter sober dialog.<\/p>\n<p><img loading=\"lazy\" decoding=\"async\" class=\"alignnone size-full \" title=\"301220101046\" src=\"https:\/\/df-nyt.dk\/blog\/wp-content\/uploads\/301220101046.png\" alt=\"\" width=\"466\" height=\"422\" \/><\/p>\n<p>Note: Margrethe S. Hansen, kendt b.la. fra <a href=\"http:\/\/www.p77.dk\/\" target=\"_blank\" rel=\"noopener\"><u> Netavisen P77.dk<\/u><\/a><\/p>\n<p style=\"text-align: left;\">\n<p>&nbsp;<br \/>\nFor yderlig l\u00e6sning.<br \/>\n&nbsp;<br \/>\n<a href=\"http:\/\/df-nyt.dk\/?p=6777\" target=\"_blank\" rel=\"noopener\"><span style=\"text-decoration: underline;\">McCarthyisme <\/span><\/a><br \/>\n&nbsp;<br \/>\n<a href=\"http:\/\/df-nyt.dk\/?p=13631\" target=\"_blank\" rel=\"noopener\"><span style=\"text-decoration: underline;\">Ondskabens Ikon<\/span><\/a><br \/>\n&nbsp;<br \/>\n<a href=\"http:\/\/df-nyt.dk\/?p=13331\" target=\"_blank\" rel=\"noopener\"><span style=\"text-decoration: underline;\">Julehygge med Poul Erik<\/span><\/a><br \/>\n&nbsp;<\/p>\n","protected":false},"excerpt":{"rendered":"<p>Ralf Pittelkow: \u2018Den venstreorienterede samfundsdebat er i dag pr\u00e6get af intellektuel armod\u2019 Ralf Pittelkow pr\u00f8ver stadig at s\u00e6tte dagsorden og s\u00e6lger B\u00f8h-b\u00f8ger. Men dialog, er ikke det st\u00e6rkeste parameter i debatten, som man flygter fra. Er det fordi argumenterne ikke r\u00e6kker? Ekstrabladet l\u00e6gger ud: Og s\u00e5 ser vi igen, herunder, at sm\u00e6dekampanger erstatter sober dialog. [&hellip;]<\/p>\n","protected":false},"author":10,"featured_media":0,"comment_status":"open","ping_status":"closed","sticky":false,"template":"","format":"standard","meta":{"footnotes":""},"categories":[1],"tags":[],"class_list":["post-13983","post","type-post","status-publish","format-standard","hentry","category-df-nyt-dk"],"_links":{"self":[{"href":"https:\/\/df-nyt.dk\/blog\/wp-json\/wp\/v2\/posts\/13983","targetHints":{"allow":["GET"]}}],"collection":[{"href":"https:\/\/df-nyt.dk\/blog\/wp-json\/wp\/v2\/posts"}],"about":[{"href":"https:\/\/df-nyt.dk\/blog\/wp-json\/wp\/v2\/types\/post"}],"author":[{"embeddable":true,"href":"https:\/\/df-nyt.dk\/blog\/wp-json\/wp\/v2\/users\/10"}],"replies":[{"embeddable":true,"href":"https:\/\/df-nyt.dk\/blog\/wp-json\/wp\/v2\/comments?post=13983"}],"version-history":[{"count":4,"href":"https:\/\/df-nyt.dk\/blog\/wp-json\/wp\/v2\/posts\/13983\/revisions"}],"predecessor-version":[{"id":108870,"href":"https:\/\/df-nyt.dk\/blog\/wp-json\/wp\/v2\/posts\/13983\/revisions\/108870"}],"wp:attachment":[{"href":"https:\/\/df-nyt.dk\/blog\/wp-json\/wp\/v2\/media?parent=13983"}],"wp:term":[{"taxonomy":"category","embeddable":true,"href":"https:\/\/df-nyt.dk\/blog\/wp-json\/wp\/v2\/categories?post=13983"},{"taxonomy":"post_tag","embeddable":true,"href":"https:\/\/df-nyt.dk\/blog\/wp-json\/wp\/v2\/tags?post=13983"}],"curies":[{"name":"wp","href":"https:\/\/api.w.org\/{rel}","templated":true}]}}