{"id":14012,"date":"2010-12-30T15:04:10","date_gmt":"2010-12-30T14:04:10","guid":{"rendered":"http:\/\/df-nyt.dk\/?p=14012"},"modified":"2026-01-10T18:04:21","modified_gmt":"2026-01-10T17:04:21","slug":"df-nyt-januar-maneds-dfer-2011","status":"publish","type":"post","link":"https:\/\/df-nyt.dk\/blog\/df-nyt-januar-maneds-dfer-2011\/","title":{"rendered":"DF-Nyt: Januar m\u00e5neds DF&#8217;er 2011."},"content":{"rendered":"<p><img loading=\"lazy\" decoding=\"async\" class=\"alignleft size-full \" title=\"301220101456\" src=\"http:\/\/df-nyt.dk\/\/wp-content\/uploads\/301220101456.png\" alt=\"\" width=\"296\" height=\"270\" \/><\/p>\n<p>DF-Nyt: Januar m\u00e5neds DF\u2019er 2011.<br \/>\n1. viceborgmester i Herning, Birgit Jonassen, forlader fra 1. januar Dansk Folkeparti og bliver l\u00f8sg\u00e6nger.<\/p>\n<p>Det sker efter l\u00e6ngere tids opsparet utilfredshed, fort\u00e6ller hun til politiken.dk.<\/p>\n<p>\u00bbJeg synes, det er skammeligt, at vi har en god socialpolitik, der drukner i, at det altid drejer sig om flygtninge og indvandrere\u00ab, siger Birgit Jonassen.<\/p>\n<p>\u00bbJeg br\u00e6nder for social- og sundhedspolitikken og synes ikke, DF er det samme parti mere.<\/p>\n<p>Vil man tale familiepolitik, bliver det altid f\u00f8rt over p\u00e5 flygtninge og indvandrere.<\/p>\n<p>Vi skal have en stram politik, men vi har de flygtninge og indvandrere, vi har, og vi skal alts\u00e5 ogs\u00e5 s\u00f8rge for at f\u00e5 dem integreret ordentligt\u00ab. Skriver politiken.dk <\/p>\n<p>\/\/politiken.dk:80\/politik\/ECE1154036\/dfer-forlader-partiet-indvandrerpolitikken-drukner-alt-andet\/&#8221;<\/p>\n<p>DF-Nyt&#8217;s h\u00e6derstitel er popul\u00e6r.<br \/>\n&nbsp;<br \/>\n<iframe loading=\"lazy\" src=\"https:\/\/www.youtube.com\/embed\/FeISAc9j0WE? \" width=\"320\" height=\"180\" frameborder=\"0\" allowfullscreen=\"allowfullscreen\"><\/iframe><br \/>\n&nbsp;<br \/>\n<a href=\"http:\/\/df-nyt.dk\/?p=12441\" target=\"_blank\"><span style=\"text-decoration: underline;\">Mange har forladt Dansk Folkeparti &#8211; L\u00e6s mere &#8230; der <\/span><\/a><br \/>\n&nbsp;<\/p>\n","protected":false},"excerpt":{"rendered":"<p>DF-Nyt: Januar m\u00e5neds DF\u2019er 2011. 1. viceborgmester i Herning, Birgit Jonassen, forlader fra 1. januar Dansk Folkeparti og bliver l\u00f8sg\u00e6nger. Det sker efter l\u00e6ngere tids opsparet utilfredshed, fort\u00e6ller hun til politiken.dk. \u00bbJeg synes, det er skammeligt, at vi har en god socialpolitik, der drukner i, at det altid drejer sig om flygtninge og indvandrere\u00ab, siger [&hellip;]<\/p>\n","protected":false},"author":10,"featured_media":0,"comment_status":"open","ping_status":"closed","sticky":false,"template":"","format":"standard","meta":{"footnotes":""},"categories":[1],"tags":[],"class_list":["post-14012","post","type-post","status-publish","format-standard","hentry","category-df-nyt-dk"],"_links":{"self":[{"href":"https:\/\/df-nyt.dk\/blog\/wp-json\/wp\/v2\/posts\/14012","targetHints":{"allow":["GET"]}}],"collection":[{"href":"https:\/\/df-nyt.dk\/blog\/wp-json\/wp\/v2\/posts"}],"about":[{"href":"https:\/\/df-nyt.dk\/blog\/wp-json\/wp\/v2\/types\/post"}],"author":[{"embeddable":true,"href":"https:\/\/df-nyt.dk\/blog\/wp-json\/wp\/v2\/users\/10"}],"replies":[{"embeddable":true,"href":"https:\/\/df-nyt.dk\/blog\/wp-json\/wp\/v2\/comments?post=14012"}],"version-history":[{"count":5,"href":"https:\/\/df-nyt.dk\/blog\/wp-json\/wp\/v2\/posts\/14012\/revisions"}],"predecessor-version":[{"id":108866,"href":"https:\/\/df-nyt.dk\/blog\/wp-json\/wp\/v2\/posts\/14012\/revisions\/108866"}],"wp:attachment":[{"href":"https:\/\/df-nyt.dk\/blog\/wp-json\/wp\/v2\/media?parent=14012"}],"wp:term":[{"taxonomy":"category","embeddable":true,"href":"https:\/\/df-nyt.dk\/blog\/wp-json\/wp\/v2\/categories?post=14012"},{"taxonomy":"post_tag","embeddable":true,"href":"https:\/\/df-nyt.dk\/blog\/wp-json\/wp\/v2\/tags?post=14012"}],"curies":[{"name":"wp","href":"https:\/\/api.w.org\/{rel}","templated":true}]}}