{"id":14144,"date":"2011-01-02T12:10:16","date_gmt":"2011-01-02T11:10:16","guid":{"rendered":"http:\/\/df-nyt.dk\/?p=14144"},"modified":"2025-07-10T17:03:43","modified_gmt":"2025-07-10T15:03:43","slug":"kan-det-betale-sig-hr-statsminister","status":"publish","type":"post","link":"https:\/\/df-nyt.dk\/blog\/kan-det-betale-sig-hr-statsminister\/","title":{"rendered":"Kan det betale sig, hr. Statsminister?"},"content":{"rendered":"<p>Kan det betale sig, hr. Statsminister?<br \/>\nEfter en afskaffelse af efterl\u00f8nnen vil et stort antal personer melde sig p\u00e5 jobcentrene<br \/>\nsom aftagere af arbejdsl\u00f8shedsdagpenge.<\/p>\n<p>Staten vil derfor ikke tjene, &#8211; for en gevinst kommer kun, hvis det offentlige udbetaler f\u00e6rre dagpenge samt f\u00e5r h\u00f8jere skatteindt\u00e6gter som f\u00f8lge af at flere kommer i arbejde.<br \/>\n<img loading=\"lazy\" decoding=\"async\" class=\" alignleft\" title=\"020120111207\" src=\"http:\/\/df-nyt.dk\/\/wp-content\/uploads\/020120111207.png\" alt=\"\" width=\"350\" height=\"168\" \/><\/p>\n<p>I stedet vil effekten blive \u00f8get dagpengeudbetaling, &#8211;<br \/>\nsom tr\u00e6der i stedet for udbetaling af efterl\u00f8n.<\/p>\n<p>Men efterl\u00f8nssatsen er jo for mange efterl\u00f8nnere (som g\u00e5r p\u00e5 efterl\u00f8n som 60 \u00e5rige) lavere end dagpengesatsen.<\/p>\n<p>Staten vil derfor ikke alene skulle udbetale flere dagpenge, &#8211; men vil som helhed f\u00e5 \u00f8gede udgifter.<\/p>\n<p>De offentlige finanser vil s\u00e5ledes ikke forbedres, MEN FORV\u00c6RRES &#8211; GENNEM AFSKAFFELSE AF EFTERL\u00d8NNEN.<\/p>\n<p><span style=\"text-decoration: underline;\">Kilde:<a href=\"http:\/\/www.henrikherloevlund.dk\" target=\"_blank\" rel=\"noopener\">www.henrikherloevlund.dk<\/a><\/span><\/p>\n<p><a href=\"https:\/\/www.henrikherloevlund.dk\/artikler.htm\"><span style=\"text-decoration: underline;\">L\u00e6s mere der<\/span><\/a><\/p>\n<p><a href=\"http:\/\/df-nyt.dk\/?page_id=4727\"><span style=\"text-decoration: underline;\">Se jobbanken HER<\/span><\/a><\/p>\n<hr \/>\n<p>Fakta:<br \/>\nSt\u00f8rstedelen af dem, der g\u00e5r p\u00e5 efterl\u00f8n, er ufagl\u00e6rte eller fagl\u00e6rte,<br \/>\nkun to procent har en lang uddannelse.<\/p>\n<p>I sit opg\u00f8r med efterl\u00f8nnen sagde statsminister Lars L\u00f8kke Rasmussen (V) \u00a0i sin nyt\u00e5rstale,<br \/>\nat efterl\u00f8nnerne stort set er som os andre. B\u00e5de sygeplejersker, h\u00e5ndv\u00e6rkere,<br \/>\ngymnasiel\u00e6rere og jord- og betonarbejdere.<\/p>\n<p>Langt de fleste er ikke gymnasiel\u00e6rere, kun f\u00e5 er sygeplejersker, &#8211; st\u00f8rstedelen<br \/>\ner h\u00e5ndv\u00e6rkere og jord- og betonarbejdere. Det viser en rapport fra AE-r\u00e5det.<\/p>\n<p>F\u00e6rre end to procent efterl\u00f8nsmodtagere har en lang videreg\u00e5ende uddannelse,<br \/>\nmens 83 procent er ufagl\u00e6rte eller fagl\u00e6rte.<\/p>\n<p>De resterende godt 15 procent har enten en kort eller mellemlang videreg\u00e5ende uddannelse.<\/p>\n<p>I alt modtager 138.220 danskere i dag efterl\u00f8n, hvoraf 58 procent er kvinder og 42 procent m\u00e6nd.<\/p>\n<p>Udkantsdanmark st\u00e5r for den st\u00f8rste del, p\u00e5 L\u00e6s\u00f8, Bornholm og i Frederikshavn,<br \/>\ner mere end 45 procent af de 60-64-\u00e5rige p\u00e5 efterl\u00f8n,<\/p>\n<p>Andelen i Gentofte, Rudersdal og H\u00f8rsholm er godt 20 procent.<br \/>\nM\u00e6nd, der g\u00e5r p\u00e5 efterl\u00f8n, lever i gennemsnit 2,2 \u00e5r kortere, end m\u00e6nd,<br \/>\nder forts\u00e6tter p\u00e5 arbejdsmarkedet. For kvinder er forskellen 1,3 \u00e5r.<br \/>\n&nbsp;<\/p>\n","protected":false},"excerpt":{"rendered":"<p>Kan det betale sig, hr. Statsminister? Efter en afskaffelse af efterl\u00f8nnen vil et stort antal personer melde sig p\u00e5 jobcentrene som aftagere af arbejdsl\u00f8shedsdagpenge. Staten vil derfor ikke tjene, &#8211; for en gevinst kommer kun, hvis det offentlige udbetaler f\u00e6rre dagpenge samt f\u00e5r h\u00f8jere skatteindt\u00e6gter som f\u00f8lge af at flere kommer i arbejde. I stedet [&hellip;]<\/p>\n","protected":false},"author":10,"featured_media":0,"comment_status":"open","ping_status":"closed","sticky":false,"template":"","format":"standard","meta":{"footnotes":""},"categories":[1],"tags":[],"class_list":["post-14144","post","type-post","status-publish","format-standard","hentry","category-df-nyt-dk"],"_links":{"self":[{"href":"https:\/\/df-nyt.dk\/blog\/wp-json\/wp\/v2\/posts\/14144","targetHints":{"allow":["GET"]}}],"collection":[{"href":"https:\/\/df-nyt.dk\/blog\/wp-json\/wp\/v2\/posts"}],"about":[{"href":"https:\/\/df-nyt.dk\/blog\/wp-json\/wp\/v2\/types\/post"}],"author":[{"embeddable":true,"href":"https:\/\/df-nyt.dk\/blog\/wp-json\/wp\/v2\/users\/10"}],"replies":[{"embeddable":true,"href":"https:\/\/df-nyt.dk\/blog\/wp-json\/wp\/v2\/comments?post=14144"}],"version-history":[{"count":6,"href":"https:\/\/df-nyt.dk\/blog\/wp-json\/wp\/v2\/posts\/14144\/revisions"}],"predecessor-version":[{"id":108865,"href":"https:\/\/df-nyt.dk\/blog\/wp-json\/wp\/v2\/posts\/14144\/revisions\/108865"}],"wp:attachment":[{"href":"https:\/\/df-nyt.dk\/blog\/wp-json\/wp\/v2\/media?parent=14144"}],"wp:term":[{"taxonomy":"category","embeddable":true,"href":"https:\/\/df-nyt.dk\/blog\/wp-json\/wp\/v2\/categories?post=14144"},{"taxonomy":"post_tag","embeddable":true,"href":"https:\/\/df-nyt.dk\/blog\/wp-json\/wp\/v2\/tags?post=14144"}],"curies":[{"name":"wp","href":"https:\/\/api.w.org\/{rel}","templated":true}]}}