{"id":14176,"date":"2011-01-02T17:17:28","date_gmt":"2011-01-02T16:17:28","guid":{"rendered":"http:\/\/df-nyt.dk\/?p=14176"},"modified":"2017-12-03T13:05:49","modified_gmt":"2017-12-03T12:05:49","slug":"ytringsfriheden-i-danmark-lider","status":"publish","type":"post","link":"https:\/\/df-nyt.dk\/blog\/ytringsfriheden-i-danmark-lider\/","title":{"rendered":"Ytringsfriheden i Danmark lider"},"content":{"rendered":"<p><strong><a href=\"https:\/\/df-nyt.dk\/blog\/wp-content\/uploads\/020120111711.png\"><img loading=\"lazy\" decoding=\"async\" class=\"alignleft size-full wp-image-14177\" title=\"020120111711\" src=\"https:\/\/df-nyt.dk\/blog\/wp-content\/uploads\/020120111711.png\" alt=\"\" width=\"243\" height=\"214\" \/><\/a><\/strong><\/p>\n<p>&nbsp;<\/p>\n<p><strong>Velkommen til Kirsten Lyhne p\u00e5 Netavisen P77.<\/strong><\/p>\n<p>Som \u00f8konom, censor, tidligere underviser p\u00e5 universitetet og i dag marketingchef kan Kirsten g\u00e5 bag om de \u00f8konomiske reformer, og samtidig er Kirsten en markant stemme i v\u00e6rdidebatten.<\/p>\n<p>Og hvilken bedre start p\u00e5 Netavisen P77 kan man forestille sig end netop et indl\u00e6g om politikeres omgang med grundlovens \u00a7 77 om ytringsfrihed p\u00e5 facebook?<\/p>\n<p>Er der noget som Danmark er blevet kendt for, og som vi er stolte af, s\u00e5 er det kampen for ytringsfrihed.<\/p>\n<p>Vi lever i et land, hvor friheden til at tro, tale og t\u00e6nke, anses for en selvf\u00f8lgelighed, og dem, der mener noget andet karakteriserer vi gerne som udemokratiske, middelalderlige m\u00f8rkem\u00e6nd, religi\u00f8se fanatikere m.v.<\/p>\n<p>Har Danmark nu ogs\u00e5 sit p\u00e5 det t\u00f8rre, hvad ang\u00e5r ytringsfriheden?<\/p>\n<p>Til det sp\u00f8rgsm\u00e5l er vi nok mange, som vil svare nej.<\/p>\n<p>Facebook er i dag ikke blot et medie, hvor man chatter med sine venner, kolleger og gamle skolekammerater.<\/p>\n<p>Det er blevet en \u201dtalerstol\u201d for befolkningen hvad ang\u00e5r politiske debatter.<\/p>\n<p><a href=\"http:\/\/www.p77.dk\/p77-blogs\/82-lyhne\/369-ytringsfriheden-i-danmark-lider\"><span style=\"text-decoration: underline;\"><strong>L\u00e6s mere p\u00e5 P77 &#8230;<\/strong><\/span><\/a><\/p>\n<p><strong>For yderlig l\u00e6sning.<\/strong><\/p>\n<p><a href=\"http:\/\/df-nyt.dk\/rachel-adelberg-johansen-tilsloerede-kvinder\/\" target=\"_blank\"><span style=\"text-decoration: underline;\"><strong>Rachel Adelberg Johansen tilsl\u00f8rede kvinder<\/strong><\/span><\/a><\/p>\n<p>&nbsp;<br \/>\n<a href=\"http:\/\/df-nyt.dk\/?p=13983\" target=\"_blank\"><span style=\"text-decoration: underline;\"><strong>Ralf Pittelkow: \u2018Den venstreorienterede samfundsdebat er i dag pr\u00e6get af intellektuel armod\u2019<\/strong><\/span><\/a><\/p>\n<p><strong>****************************<\/strong><\/p>\n<p>&nbsp;<\/p>\n","protected":false},"excerpt":{"rendered":"<p>&nbsp; Velkommen til Kirsten Lyhne p\u00e5 Netavisen P77. Som \u00f8konom, censor, tidligere underviser p\u00e5 universitetet og i dag marketingchef kan Kirsten g\u00e5 bag om de \u00f8konomiske reformer, og samtidig er Kirsten en markant stemme i v\u00e6rdidebatten. Og hvilken bedre start p\u00e5 Netavisen P77 kan man forestille sig end netop et indl\u00e6g om politikeres omgang med [&hellip;]<\/p>\n","protected":false},"author":10,"featured_media":0,"comment_status":"open","ping_status":"closed","sticky":false,"template":"","format":"standard","meta":{"footnotes":""},"categories":[1],"tags":[],"class_list":["post-14176","post","type-post","status-publish","format-standard","hentry","category-df-nyt-dk"],"_links":{"self":[{"href":"https:\/\/df-nyt.dk\/blog\/wp-json\/wp\/v2\/posts\/14176","targetHints":{"allow":["GET"]}}],"collection":[{"href":"https:\/\/df-nyt.dk\/blog\/wp-json\/wp\/v2\/posts"}],"about":[{"href":"https:\/\/df-nyt.dk\/blog\/wp-json\/wp\/v2\/types\/post"}],"author":[{"embeddable":true,"href":"https:\/\/df-nyt.dk\/blog\/wp-json\/wp\/v2\/users\/10"}],"replies":[{"embeddable":true,"href":"https:\/\/df-nyt.dk\/blog\/wp-json\/wp\/v2\/comments?post=14176"}],"version-history":[{"count":0,"href":"https:\/\/df-nyt.dk\/blog\/wp-json\/wp\/v2\/posts\/14176\/revisions"}],"wp:attachment":[{"href":"https:\/\/df-nyt.dk\/blog\/wp-json\/wp\/v2\/media?parent=14176"}],"wp:term":[{"taxonomy":"category","embeddable":true,"href":"https:\/\/df-nyt.dk\/blog\/wp-json\/wp\/v2\/categories?post=14176"},{"taxonomy":"post_tag","embeddable":true,"href":"https:\/\/df-nyt.dk\/blog\/wp-json\/wp\/v2\/tags?post=14176"}],"curies":[{"name":"wp","href":"https:\/\/api.w.org\/{rel}","templated":true}]}}