{"id":14207,"date":"2011-01-02T23:04:14","date_gmt":"2011-01-02T22:04:14","guid":{"rendered":"http:\/\/df-nyt.dk\/?p=14207"},"modified":"2024-11-23T17:37:12","modified_gmt":"2024-11-23T16:37:12","slug":"henriette-kjaer-k-siger-at-socialdemokraterne-og-sf-ikke-har","status":"publish","type":"post","link":"https:\/\/df-nyt.dk\/blog\/henriette-kjaer-k-siger-at-socialdemokraterne-og-sf-ikke-har\/","title":{"rendered":"Henriette Kj\u00e6r ( K) siger, at socialdemokraterne og SF ikke har &#8230;"},"content":{"rendered":"<p><img loading=\"lazy\" decoding=\"async\" class=\"alignnone size-medium\" src=\"https:\/\/df-nyt.dk\/wp-content\/uploads\/020120112254.png\" alt=\"\" width=\"400\" height=\"134\" \/><br \/>\n&nbsp;<\/p>\n<p>Henriette Kj\u00e6r (K) siger -at socialdemokraterne og SF ikke har\u00a0nogen l\u00f8sning p\u00e5, hvordan de vil sikre velf\u00e6rden og holdbarheden i vores \u00f8konomi i fremtiden.<\/p>\n<p>Underforst\u00e5et -Det har de Konservative lige l\u00f8sningen p\u00e5.<br \/>\n&#8211; Og -T\u00e6nk engang -Det tror jeg p\u00e5.<\/p>\n<p><img loading=\"lazy\" decoding=\"async\" class=\"alignleft  \" src=\"https:\/\/df-nyt.dk\/wp-content\/uploads\/270620100921.png\" alt=\"\" width=\"150\" height=\"150\" \/><\/p>\n<p>Rod i privat\u00f8konomien \u2013med ubetalte regninger og brug af d\u00e6kningsl\u00f8se checks -kostede, februar 2005, den Konservative Henriette Kj\u00e6r, posten som konservativ familie- og forbrugerminister.<\/p>\n<p>Fem \u00e5r efter, at Henriette Kj\u00e6r blev d\u00f8mt som d\u00e5rlig betaler \u2013og trak sig som minister for at blive familieminister derhjemme, \u2013tr\u00e6kker m\u00f8rke skyer igen faretruende sammen om hendes private \u00f8konomi. Skriver man p\u00e5 hjemmesiden, bt.dk<br \/>\n&nbsp;<br \/>\nReference<br \/>\nHjemmesiden \/\/bt.dk \/danmark\/saadan-gik-henriette-kjaer-amok-i-huslaan<br \/>\nHjemmesiden \/\/politiken.dk \/erhverv\/ECE1194042\/henriette-kjaers-samlever-erkender-million-bedrageri<\/p>\n<p>For yderlig l\u00e6sning<\/p>\n<p><a href=\"https:\/\/df-nyt.dk\/?p=14144\/\"rel=\"noreferrer nofollow\"><span style=\"text-decoration: underline;\">Kan det betale sig, hr. Statsminister?<\/span><\/a><br \/>\n&nbsp;<\/p>\n","protected":false},"excerpt":{"rendered":"<p>&nbsp; Henriette Kj\u00e6r (K) siger -at socialdemokraterne og SF ikke har\u00a0nogen l\u00f8sning p\u00e5, hvordan de vil sikre velf\u00e6rden og holdbarheden i vores \u00f8konomi i fremtiden. Underforst\u00e5et -Det har de Konservative lige l\u00f8sningen p\u00e5. &#8211; Og -T\u00e6nk engang -Det tror jeg p\u00e5. Rod i privat\u00f8konomien \u2013med ubetalte regninger og brug af d\u00e6kningsl\u00f8se checks -kostede, februar 2005, [&hellip;]<\/p>\n","protected":false},"author":10,"featured_media":0,"comment_status":"open","ping_status":"closed","sticky":false,"template":"","format":"standard","meta":{"footnotes":""},"categories":[1],"tags":[],"class_list":["post-14207","post","type-post","status-publish","format-standard","hentry","category-df-nyt-dk"],"_links":{"self":[{"href":"https:\/\/df-nyt.dk\/blog\/wp-json\/wp\/v2\/posts\/14207","targetHints":{"allow":["GET"]}}],"collection":[{"href":"https:\/\/df-nyt.dk\/blog\/wp-json\/wp\/v2\/posts"}],"about":[{"href":"https:\/\/df-nyt.dk\/blog\/wp-json\/wp\/v2\/types\/post"}],"author":[{"embeddable":true,"href":"https:\/\/df-nyt.dk\/blog\/wp-json\/wp\/v2\/users\/10"}],"replies":[{"embeddable":true,"href":"https:\/\/df-nyt.dk\/blog\/wp-json\/wp\/v2\/comments?post=14207"}],"version-history":[{"count":6,"href":"https:\/\/df-nyt.dk\/blog\/wp-json\/wp\/v2\/posts\/14207\/revisions"}],"predecessor-version":[{"id":107013,"href":"https:\/\/df-nyt.dk\/blog\/wp-json\/wp\/v2\/posts\/14207\/revisions\/107013"}],"wp:attachment":[{"href":"https:\/\/df-nyt.dk\/blog\/wp-json\/wp\/v2\/media?parent=14207"}],"wp:term":[{"taxonomy":"category","embeddable":true,"href":"https:\/\/df-nyt.dk\/blog\/wp-json\/wp\/v2\/categories?post=14207"},{"taxonomy":"post_tag","embeddable":true,"href":"https:\/\/df-nyt.dk\/blog\/wp-json\/wp\/v2\/tags?post=14207"}],"curies":[{"name":"wp","href":"https:\/\/api.w.org\/{rel}","templated":true}]}}