{"id":14235,"date":"2011-01-03T12:54:08","date_gmt":"2011-01-03T11:54:08","guid":{"rendered":"http:\/\/df-nyt.dk\/?p=14235"},"modified":"2016-08-07T21:47:58","modified_gmt":"2016-08-07T19:47:58","slug":"r-pa-fornavn-med-sin-saeddonor","status":"publish","type":"post","link":"https:\/\/df-nyt.dk\/blog\/r-pa-fornavn-med-sin-saeddonor\/","title":{"rendered":"R: P\u00e5 fornavn med sin s\u00e6ddonor"},"content":{"rendered":"<h1><a href=\"https:\/\/df-nyt.dk\/blog\/wp-content\/uploads\/030120111253.png\"><img loading=\"lazy\" decoding=\"async\" class=\"alignleft size-full wp-image-14236\" title=\"030120111253\" src=\"https:\/\/df-nyt.dk\/blog\/wp-content\/uploads\/030120111253.png\" alt=\"\" width=\"305\" height=\"134\" \/><\/a><\/h1>\n<p><span style=\"font-weight: normal;\"><strong>I dagens medier diskuteres s\u00e6ddonorers anonymitet.<\/strong><\/span><\/p>\n<p>Manu Sareen, der er Radikale Venstres sundhedsordf\u00f8rer, mener, at man som donor selv skal kunne v\u00e6lge, om man \u00f8nsker at v\u00e6re anonym eller ej.<\/p>\n<p>S\u00e5 kan kommende for\u00e6ldrene selv v\u00e6lge, om de \u00f8nsker s\u00e6d fra en donor, der er anonym eller ikke-anonym.<\/p>\n<p>&#8220;Som landet ligger i dag, kan det offentlige sundhedsv\u00e6sen kun tilbyde anonymiseret s\u00e6d.<\/p>\n<p>Det b\u00f8r laves om, ved at man som donor selv kan bestemme, om man vil v\u00e6re anonym eller ej.<\/p>\n<p>Skriver de radikale i en pressemeddelse &#8211;\u00a0Og forts\u00e6tter.<\/p>\n<p>Som modtager af donors\u00e6d betyder det, at man har mulighed for selv at v\u00e6lge, om man \u00f8nsker at kende identiteten af sin donor,&#8221; siger Manu Sareen, Radikale Venstres sundhedsordf\u00f8rer.<\/p>\n<p>&#8220;Kigger man p\u00e5 barnets tarv, s\u00e5 ved vi, at det er vigtigt for barnets identitet, at man kender sit faderlige ophav.<\/p>\n<p>Men det er ikke kun identiteten, der betyder noget.<\/p>\n<p>Ogs\u00e5 de mange svar som genetikken kan give p\u00e5 forskellige sundhedsforhold bliver mere og mere vigtige.<\/p>\n<p>S\u00e5 jeg mener, det er afg\u00f8rende, at man som for\u00e6lder skal have mulighed for at v\u00e6lge, om man vil kende identiteten p\u00e5 s\u00e6ddonoren til sit barn,&#8221; siger Manu Sareen.<\/p>\n<p>I dag er det kun muligt at f\u00e5 adgang til s\u00e6ddonorens identitet, hvis man bliver behandlet hos det private sundhedsv\u00e6sen.<\/p>\n<p><span style=\"text-decoration: underline;\"><a href=\"http:\/\/www.radikale.dk\/\" target=\"_blank\"><strong>L\u00e6s flere nyheder fra de Radikale HER <\/strong><\/a><\/span><\/p>\n<p>*********************************************<\/p>\n","protected":false},"excerpt":{"rendered":"<p>I dagens medier diskuteres s\u00e6ddonorers anonymitet. Manu Sareen, der er Radikale Venstres sundhedsordf\u00f8rer, mener, at man som donor selv skal kunne v\u00e6lge, om man \u00f8nsker at v\u00e6re anonym eller ej. S\u00e5 kan kommende for\u00e6ldrene selv v\u00e6lge, om de \u00f8nsker s\u00e6d fra en donor, der er anonym eller ikke-anonym. &#8220;Som landet ligger i dag, kan det [&hellip;]<\/p>\n","protected":false},"author":10,"featured_media":0,"comment_status":"open","ping_status":"closed","sticky":false,"template":"","format":"standard","meta":{"footnotes":""},"categories":[1],"tags":[],"class_list":["post-14235","post","type-post","status-publish","format-standard","hentry","category-df-nyt-dk"],"_links":{"self":[{"href":"https:\/\/df-nyt.dk\/blog\/wp-json\/wp\/v2\/posts\/14235","targetHints":{"allow":["GET"]}}],"collection":[{"href":"https:\/\/df-nyt.dk\/blog\/wp-json\/wp\/v2\/posts"}],"about":[{"href":"https:\/\/df-nyt.dk\/blog\/wp-json\/wp\/v2\/types\/post"}],"author":[{"embeddable":true,"href":"https:\/\/df-nyt.dk\/blog\/wp-json\/wp\/v2\/users\/10"}],"replies":[{"embeddable":true,"href":"https:\/\/df-nyt.dk\/blog\/wp-json\/wp\/v2\/comments?post=14235"}],"version-history":[{"count":0,"href":"https:\/\/df-nyt.dk\/blog\/wp-json\/wp\/v2\/posts\/14235\/revisions"}],"wp:attachment":[{"href":"https:\/\/df-nyt.dk\/blog\/wp-json\/wp\/v2\/media?parent=14235"}],"wp:term":[{"taxonomy":"category","embeddable":true,"href":"https:\/\/df-nyt.dk\/blog\/wp-json\/wp\/v2\/categories?post=14235"},{"taxonomy":"post_tag","embeddable":true,"href":"https:\/\/df-nyt.dk\/blog\/wp-json\/wp\/v2\/tags?post=14235"}],"curies":[{"name":"wp","href":"https:\/\/api.w.org\/{rel}","templated":true}]}}