{"id":14256,"date":"2011-01-03T17:17:13","date_gmt":"2011-01-03T16:17:13","guid":{"rendered":"http:\/\/df-nyt.dk\/?p=14256"},"modified":"2023-02-06T13:10:04","modified_gmt":"2023-02-06T12:10:04","slug":"hans-engell-stop-de-konservative-efterl%c3%b8nshadere","status":"publish","type":"post","link":"https:\/\/df-nyt.dk\/blog\/hans-engell-stop-de-konservative-efterl%c3%b8nshadere\/","title":{"rendered":"Hans Engell: Stop de konservative efterl\u00f8nshadere"},"content":{"rendered":"<p><img loading=\"lazy\" decoding=\"async\" class=\"alignleft size-full wp-image-14257\" title=\"030120111712\" src=\"https:\/\/df-nyt.dk\/blog\/wp-content\/uploads\/030120111712.png\" alt=\"\" width=\"209\" height=\"126\" \/><br \/>\n&nbsp;<\/p>\n<p>Hans Engell: Stop de konservative efterl\u00f8nshadere<br \/>\nHans Engell: \u00bbHvis nogen p\u00e5st\u00e5r, at Danmarks \u00f8konomiske hovedproblem i dag og i de kommende \u00e5r best\u00e5r i efterl\u00f8nsordningen, s\u00e5 er det helt ved siden af.<\/p>\n<p>De har stirret sig blinde p\u00e5 efterl\u00f8nnen som svaret p\u00e5 alle vores udfordringer\u00ab<\/p>\n<p>Politikens journalist Anders H\u00f8eg Lammers: Hvad er vores virkelige udfordringer?<\/p>\n<p>Hans Engell: \u00bbVi mister tusindvis af arbejdspladser til udlandet, investeringerne forsvinder v\u00e6k fra Danmark, og opbygningen af viden foreg\u00e5r stort set alle andre steder end her.<\/p>\n<p>Og hvad g\u00f8r vi med de titusinder af unge mennesker, som ikke f\u00e5r en ordentlig skoleuddannelse,<br \/>\nsom ikke kan f\u00e5 praktikpladser, som ikke kan f\u00e5 arbejde?\u00ab. Kilde: <span style=\"text-decoration: underline;\"><a href=\"http:\/\/politiken.dk\/debat\/ECE972019\/stop-de-konservative-efterloenshadere\/\">politiken.dk<\/a><\/span><\/p>\n<p>Hans Engell har beholdt noget af sit klarsyn<br \/>\nVi mister omkring 500 arbejdspladser om dagen, og det har vi faktisk gjort i l\u00e6ngere tid,<br \/>\nuden medierne har besk\u00e6ftige sig med med det.<\/p>\n<p>Derfor besluttede jeg mig for at lave min egen lille beskedne statistik.<\/p>\n<p><a href=\"http:\/\/df-nyt.dk\/?page_id=4727\" target=\"_blank\" rel=\"noopener\"><span style=\"text-decoration: underline;\">Den kan du se HER i Job-banken <\/span><\/a><br \/>\n&nbsp;<br \/>\nL\u00e6s ogs\u00e5<\/p>\n<p><a href=\"http:\/\/df-nyt.dk\/?p=14768\" target=\"_blank\" rel=\"noopener\"><span style=\"text-decoration: underline;\"> Fortsat stort overskud p\u00e5 betalingsbalancen <\/span><\/a><br \/>\n&nbsp;<br \/>\n<a href=\"http:\/\/df-nyt.dk\/?p=14289\" target=\"_blank\" rel=\"noopener\"><span style=\"text-decoration: underline;\"><strong>Vi har ikke r\u00e5d til efterl\u00f8n, Vi har ikke r\u00e5d til \u00e6ldrebyrden, Vi har \u2026 <\/strong><\/span><\/a><br \/>\n&nbsp;<br \/>\n<a href=\"http:\/\/df-nyt.dk\/?p=14207\" target=\"_blank\" rel=\"noopener\"><span style=\"text-decoration: underline;\"> Henriette Kj\u00e6r ( K) siger, at socialdemokraterne og SF ikke har &#8230;  <\/span><\/a><br \/>\n&nbsp;<\/p>\n","protected":false},"excerpt":{"rendered":"<p>&nbsp; Hans Engell: Stop de konservative efterl\u00f8nshadere Hans Engell: \u00bbHvis nogen p\u00e5st\u00e5r, at Danmarks \u00f8konomiske hovedproblem i dag og i de kommende \u00e5r best\u00e5r i efterl\u00f8nsordningen, s\u00e5 er det helt ved siden af. De har stirret sig blinde p\u00e5 efterl\u00f8nnen som svaret p\u00e5 alle vores udfordringer\u00ab Politikens journalist Anders H\u00f8eg Lammers: Hvad er vores virkelige [&hellip;]<\/p>\n","protected":false},"author":10,"featured_media":0,"comment_status":"open","ping_status":"closed","sticky":false,"template":"","format":"standard","meta":{"footnotes":""},"categories":[1],"tags":[],"class_list":["post-14256","post","type-post","status-publish","format-standard","hentry","category-df-nyt-dk"],"_links":{"self":[{"href":"https:\/\/df-nyt.dk\/blog\/wp-json\/wp\/v2\/posts\/14256","targetHints":{"allow":["GET"]}}],"collection":[{"href":"https:\/\/df-nyt.dk\/blog\/wp-json\/wp\/v2\/posts"}],"about":[{"href":"https:\/\/df-nyt.dk\/blog\/wp-json\/wp\/v2\/types\/post"}],"author":[{"embeddable":true,"href":"https:\/\/df-nyt.dk\/blog\/wp-json\/wp\/v2\/users\/10"}],"replies":[{"embeddable":true,"href":"https:\/\/df-nyt.dk\/blog\/wp-json\/wp\/v2\/comments?post=14256"}],"version-history":[{"count":2,"href":"https:\/\/df-nyt.dk\/blog\/wp-json\/wp\/v2\/posts\/14256\/revisions"}],"predecessor-version":[{"id":98964,"href":"https:\/\/df-nyt.dk\/blog\/wp-json\/wp\/v2\/posts\/14256\/revisions\/98964"}],"wp:attachment":[{"href":"https:\/\/df-nyt.dk\/blog\/wp-json\/wp\/v2\/media?parent=14256"}],"wp:term":[{"taxonomy":"category","embeddable":true,"href":"https:\/\/df-nyt.dk\/blog\/wp-json\/wp\/v2\/categories?post=14256"},{"taxonomy":"post_tag","embeddable":true,"href":"https:\/\/df-nyt.dk\/blog\/wp-json\/wp\/v2\/tags?post=14256"}],"curies":[{"name":"wp","href":"https:\/\/api.w.org\/{rel}","templated":true}]}}