{"id":14271,"date":"2011-01-03T20:04:32","date_gmt":"2011-01-03T19:04:32","guid":{"rendered":"http:\/\/df-nyt.dk\/?p=14271"},"modified":"2023-02-14T15:17:34","modified_gmt":"2023-02-14T14:17:34","slug":"politisk-blogger-og-analytiker-tilknyttes-netavisen-p77","status":"publish","type":"post","link":"https:\/\/df-nyt.dk\/blog\/politisk-blogger-og-analytiker-tilknyttes-netavisen-p77\/","title":{"rendered":"Politisk blogger og analytiker tilknyttes Netavisen, P77.dk"},"content":{"rendered":"<p><img loading=\"lazy\" decoding=\"async\" class=\"alignleft size-full \" title=\"030120112003\" src=\"https:\/\/df-nyt.dk\/blog\/wp-content\/uploads\/0301201120031.png\" alt=\"\" width=\"239\" height=\"211\" \/><\/p>\n<p>Claus Piculell l\u00e6gger ud<br \/>\nAllerf\u00f8rst m\u00e5 jeg ift. valget i 2011 advare alle aktive bag og i oppositionen mod at tro, at &#8220;den er hjemme allerede&#8221; &#8211; og nogle synes faktisk at tro det.<\/p>\n<p>Og ja, ikke mindst \u00f8konomiens ringe tilstand med dens &#8216;jobl\u00f8se v\u00e6kst&#8217; (i bedste fald), meningsm\u00e5lingerne og et vist omslag i kulturkampen peger i en positiv retning.<\/p>\n<p>Men politik er som fodbold: tingene kan \u00e6ndre sig lynhurtigt.<br \/>\nI fodbold er det imidlertid s\u00e5dan, at alle p\u00e5 et hold har \u00e9t f\u00e6lles m\u00e5l og spiller bedst muligt sammen for at n\u00e5 det, nemlig en sejr over det andet hold.<\/p>\n<p>S\u00e5dan ser det ikke altid ud til at v\u00e6re i politik, hvor mange interesser brydes, &#8230;<\/p>\n<p><a href=\"http:\/\/p77.dk\/p77-blogs\/81-piculell\/368-den-er-forst-hjemme-nar-sidste-stemme-er-talt\"><span style=\"text-decoration: underline;\"> Netavisen, P77.dk &#8211; L\u00e6s det HER<\/span><\/a><\/p>\n","protected":false},"excerpt":{"rendered":"<p>Claus Piculell l\u00e6gger ud Allerf\u00f8rst m\u00e5 jeg ift. valget i 2011 advare alle aktive bag og i oppositionen mod at tro, at &#8220;den er hjemme allerede&#8221; &#8211; og nogle synes faktisk at tro det. Og ja, ikke mindst \u00f8konomiens ringe tilstand med dens &#8216;jobl\u00f8se v\u00e6kst&#8217; (i bedste fald), meningsm\u00e5lingerne og et vist omslag i kulturkampen [&hellip;]<\/p>\n","protected":false},"author":10,"featured_media":0,"comment_status":"open","ping_status":"closed","sticky":false,"template":"","format":"standard","meta":{"footnotes":""},"categories":[1],"tags":[],"class_list":["post-14271","post","type-post","status-publish","format-standard","hentry","category-df-nyt-dk"],"_links":{"self":[{"href":"https:\/\/df-nyt.dk\/blog\/wp-json\/wp\/v2\/posts\/14271","targetHints":{"allow":["GET"]}}],"collection":[{"href":"https:\/\/df-nyt.dk\/blog\/wp-json\/wp\/v2\/posts"}],"about":[{"href":"https:\/\/df-nyt.dk\/blog\/wp-json\/wp\/v2\/types\/post"}],"author":[{"embeddable":true,"href":"https:\/\/df-nyt.dk\/blog\/wp-json\/wp\/v2\/users\/10"}],"replies":[{"embeddable":true,"href":"https:\/\/df-nyt.dk\/blog\/wp-json\/wp\/v2\/comments?post=14271"}],"version-history":[{"count":5,"href":"https:\/\/df-nyt.dk\/blog\/wp-json\/wp\/v2\/posts\/14271\/revisions"}],"predecessor-version":[{"id":99084,"href":"https:\/\/df-nyt.dk\/blog\/wp-json\/wp\/v2\/posts\/14271\/revisions\/99084"}],"wp:attachment":[{"href":"https:\/\/df-nyt.dk\/blog\/wp-json\/wp\/v2\/media?parent=14271"}],"wp:term":[{"taxonomy":"category","embeddable":true,"href":"https:\/\/df-nyt.dk\/blog\/wp-json\/wp\/v2\/categories?post=14271"},{"taxonomy":"post_tag","embeddable":true,"href":"https:\/\/df-nyt.dk\/blog\/wp-json\/wp\/v2\/tags?post=14271"}],"curies":[{"name":"wp","href":"https:\/\/api.w.org\/{rel}","templated":true}]}}