{"id":14289,"date":"2011-01-04T08:10:02","date_gmt":"2011-01-04T07:10:02","guid":{"rendered":"http:\/\/df-nyt.dk\/?p=14289"},"modified":"2018-01-12T07:48:12","modified_gmt":"2018-01-12T06:48:12","slug":"vi-har-ikke-rad-til-efterlon-vi-har-ikke-rad-til-aeldrebyrden-vi-har-ikke-rad-til","status":"publish","type":"post","link":"https:\/\/df-nyt.dk\/blog\/vi-har-ikke-rad-til-efterlon-vi-har-ikke-rad-til-aeldrebyrden-vi-har-ikke-rad-til\/","title":{"rendered":"Vi har ikke r\u00e5d til efterl\u00f8n, Vi har ikke r\u00e5d til \u00e6ldrebyrden, Vi har &#8230;"},"content":{"rendered":"<p><strong><a href=\"https:\/\/df-nyt.dk\/blog\/wp-content\/uploads\/040120110801.png\"><img loading=\"lazy\" decoding=\"async\" class=\"alignleft size-full wp-image-14290\" title=\"040120110801\" src=\"https:\/\/df-nyt.dk\/blog\/wp-content\/uploads\/040120110801.png\" alt=\"\" width=\"229\" height=\"309\" \/><\/a><\/strong><\/p>\n<p>&nbsp;<br \/>\n<strong>Vi har ikke r\u00e5d til efterl\u00f8n, Vi har ikke r\u00e5d til \u00e6ldrebyrden,<br \/>\nVi har \u2026<\/strong><\/p>\n<p>Historisk er det set f\u00f8r &#8211; Det handler om ord, retorik og om hvordan politikerene formulerer sig n\u00e5r de taler til &#8220;folket&#8221;.<\/p>\n<p>Vi skal v\u00e6re forberedt p\u00e5 fremtidens arbejdsmarked, derfor halverede man Dagpengeperioden.<\/p>\n<p>Man investerer ikke i \u00f8get uddannelse&#8230; ?????<\/p>\n<p>Der var stor arbejdsl\u00f8shed i tredivernes Tyskland &#8211;<br \/>\nTyskland manglede penge.<\/p>\n<p>Samfundet ville spare p\u00e5 de sociale udgifter&#8230; afvikle&#8230; &#8216;velf\u00e6rdsstaten&#8217;, var modstander af \u00f8konomisk og social retf\u00e6rdighed.<\/p>\n<p>Man regnede ud, eller p\u00e5stod at handikappede, psykisk syge&#8230; m.v. kostede den formidable sum af 60.000. Rigsmark.<\/p>\n<p>Adolf Hitler var p\u00e5 &#8216;forkant\/popstjerne&#8217;, &#8230; dengang.<br \/>\nDen logiske konsekvens af dette menneskesyn vakte r\u00e6dsel efter krigen.<\/p>\n<p><a href=\"https:\/\/df-nyt.dk\/blog\/wp-content\/uploads\/0401201108261.png\"><img loading=\"lazy\" decoding=\"async\" class=\"aligncenter size-full wp-image-14302\" title=\"040120110826\" src=\"https:\/\/df-nyt.dk\/blog\/wp-content\/uploads\/0401201108261.png\" alt=\"\" width=\"253\" height=\"184\" \/><\/a><\/p>\n<p><strong>Ny kirkeg\u00e5rd med ofre for nazisternes l\u00f8gne opdaget<\/strong><br \/>\nma 03 jan 2011, 18:54<\/p>\n<p>INNSBRUCK &#8211; En tidligere kirkeg\u00e5rd p\u00e5 en psykiatrisk afdeling p\u00e5 et hospital i den \u00f8strigske by Hall er nok det sidste hvilested p\u00e5 220. ofre for det nazistiske eutanasi-projekt.<\/p>\n<p><strong>\u00d8strigske medier rapporterede mandag.<\/strong><br \/>\nUnder forberedelserne til et anl\u00e6gsarbejde p\u00e5 hospitalet blev det konstateret, at alle de d\u00f8de p\u00e5 kirkeg\u00e5rden var blevet begravet mellem 1942 og 1945.<\/p>\n<p><strong>Hvilket klart tyder p\u00e5, at de var ofre for nazisternes l\u00f8gne.<\/strong><br \/>\nLigene begyndte man at grave op i marts m\u00e5ned, hvorefter eksperter har fors\u00f8gt at identificere ofrene og fastsl\u00e5 d\u00f8ds\u00e5rsagen.<\/p>\n<p><strong>Nazi-Tyskland annekterede \u00d8strig i 1938.<\/strong><br \/>\nNazisterne udpegede helt tilf\u00e6ldigt, mennesker, der havde en arvelig sygdom, m.v.<\/p>\n<p><strong>De blev ofte dr\u00e6bt eller steriliseret af l\u00e6ger.<\/strong><br \/>\nDen \u00f8strigske historiker Horst Schreiber mener ofrene p\u00e5 den nyfundne kirkeg\u00e5r i Hall i Tyrol, kan v\u00e6rer blevet sultet ihjel.<\/p>\n<p><strong>Skriver <\/strong> <a href=\"http:\/\/www.telegraaf.nl\/buitenland\/8639376\/__Slachtoffers_nazi_s_ontdekt__.html?sn=buitenland\" target=\"_blank\" rel=\"noopener\"><span style=\"text-decoration: underline;\"><strong>De Telegraf<\/strong><\/span><\/a><\/p>\n<p>&nbsp;<br \/>\n<strong>L\u00e6s, <\/strong> <a href=\"http:\/\/df-nyt.dk\/?p=14321\" target=\"_blank\" rel=\"noopener\"><span style=\"text-decoration: underline;\"><strong>DF-politiker vil sulte muslimer ud af Danmark <\/strong><\/span><\/a><\/p>\n<p>&nbsp;<br \/>\n<strong>L\u00e6s ogs\u00e5, <\/strong> <a href=\"http:\/\/df-nyt.dk\/?p=14256\" target=\"_blank\" rel=\"noopener\"><span style=\"text-decoration: underline;\"><strong>Hans Engell: Stop de konservative efterl\u00f8nshadere<\/strong><\/span><\/a><\/p>\n<p>&nbsp;<br \/>\n<strong>Se: <\/strong><a href=\"http:\/\/df-nyt.dk\/?p=6777\" target=\"_blank\" rel=\"noopener\"><span style=\"text-decoration: underline;\"> <strong>McCarthyisme <\/strong><\/span><\/a><\/p>\n<p>******************************<\/p>\n","protected":false},"excerpt":{"rendered":"<p>&nbsp; Vi har ikke r\u00e5d til efterl\u00f8n, Vi har ikke r\u00e5d til \u00e6ldrebyrden, Vi har \u2026 Historisk er det set f\u00f8r &#8211; Det handler om ord, retorik og om hvordan politikerene formulerer sig n\u00e5r de taler til &#8220;folket&#8221;. Vi skal v\u00e6re forberedt p\u00e5 fremtidens arbejdsmarked, derfor halverede man Dagpengeperioden. Man investerer ikke i \u00f8get uddannelse&#8230; [&hellip;]<\/p>\n","protected":false},"author":10,"featured_media":0,"comment_status":"open","ping_status":"closed","sticky":false,"template":"","format":"standard","meta":{"footnotes":""},"categories":[1],"tags":[],"class_list":["post-14289","post","type-post","status-publish","format-standard","hentry","category-df-nyt-dk"],"_links":{"self":[{"href":"https:\/\/df-nyt.dk\/blog\/wp-json\/wp\/v2\/posts\/14289","targetHints":{"allow":["GET"]}}],"collection":[{"href":"https:\/\/df-nyt.dk\/blog\/wp-json\/wp\/v2\/posts"}],"about":[{"href":"https:\/\/df-nyt.dk\/blog\/wp-json\/wp\/v2\/types\/post"}],"author":[{"embeddable":true,"href":"https:\/\/df-nyt.dk\/blog\/wp-json\/wp\/v2\/users\/10"}],"replies":[{"embeddable":true,"href":"https:\/\/df-nyt.dk\/blog\/wp-json\/wp\/v2\/comments?post=14289"}],"version-history":[{"count":0,"href":"https:\/\/df-nyt.dk\/blog\/wp-json\/wp\/v2\/posts\/14289\/revisions"}],"wp:attachment":[{"href":"https:\/\/df-nyt.dk\/blog\/wp-json\/wp\/v2\/media?parent=14289"}],"wp:term":[{"taxonomy":"category","embeddable":true,"href":"https:\/\/df-nyt.dk\/blog\/wp-json\/wp\/v2\/categories?post=14289"},{"taxonomy":"post_tag","embeddable":true,"href":"https:\/\/df-nyt.dk\/blog\/wp-json\/wp\/v2\/tags?post=14289"}],"curies":[{"name":"wp","href":"https:\/\/api.w.org\/{rel}","templated":true}]}}