{"id":14329,"date":"2011-01-04T10:14:57","date_gmt":"2011-01-04T09:14:57","guid":{"rendered":"http:\/\/df-nyt.dk\/?p=14329"},"modified":"2026-08-03T16:47:58","modified_gmt":"2026-08-03T14:47:58","slug":"fork%c3%a6let-liberal-akademiker-slagter-sarbare-og-nedslidte","status":"publish","type":"post","link":"https:\/\/df-nyt.dk\/blog\/fork%c3%a6let-liberal-akademiker-slagter-sarbare-og-nedslidte\/","title":{"rendered":"Fork\u00e6let liberal-akademiker slagter s\u00e5rbare og nedslidte"},"content":{"rendered":"<p><img loading=\"lazy\" decoding=\"async\" class=\"alignleft size-full\" title=\"040120111008\" src=\"https:\/\/df-nyt.dk\/blog\/wp-content\/uploads\/040120111008.png\" alt=\"\" width=\"249\" height=\"176\" \/><\/p>\n<p>Den tidligere konservative formand giver sit gamle parti t\u00f8rt p\u00e5 i deres jagt p\u00e5 efterl\u00f8nnerne.<\/p>\n<p>Stop de konservative efterl\u00f8nshadere \u2013 Politiken.dk<br \/>\nDet er en hetz som er forg\u00e5et det sidste lange stykke tid, ikke kun for konservative, men ogs\u00e5 Liberal Alliance, Radikale Venstre og dele af Venstre.<\/p>\n<p>At Venstres nu vil fjerne efterl\u00f8nnen skyldes v\u00e6lgerflugten til Liberal Alliance, og at ideologen igen vinder over mennesket.<\/p>\n<p>Det er altid de udsatte grupper i dette samfund som m\u00e5 b\u00f8de for den liberalistiske ideologi.<\/p>\n<p>Det er tilf\u00e6ldet med jagten p\u00e5 syge, ledige, psykiske udsatte, f\u00f8rtidspensionister og nu efterl\u00f8nnerne som Venstre er med til at s\u00e6tter i skruetvingen.<\/p>\n<p>L\u00e6s mere p\u00e5 Upstairs and Downstairs<\/p>\n<p><a href=\"http:\/\/df-nyt.dk\/?p=14289\">Se ogs\u00e5, Vi har ikke r\u00e5d &#8230; <\/a><\/p>\n<p>**************************************<\/p>\n","protected":false},"excerpt":{"rendered":"<p>Den tidligere konservative formand giver sit gamle parti t\u00f8rt p\u00e5 i deres jagt p\u00e5 efterl\u00f8nnerne. Stop de konservative efterl\u00f8nshadere \u2013 Politiken.dk Det er en hetz som er forg\u00e5et det sidste lange stykke tid, ikke kun for konservative, men ogs\u00e5 Liberal Alliance, Radikale Venstre og dele af Venstre. At Venstres nu vil fjerne efterl\u00f8nnen skyldes v\u00e6lgerflugten [&hellip;]<\/p>\n","protected":false},"author":10,"featured_media":0,"comment_status":"open","ping_status":"closed","sticky":false,"template":"","format":"standard","meta":{"footnotes":""},"categories":[1],"tags":[],"class_list":["post-14329","post","type-post","status-publish","format-standard","hentry","category-df-nyt-dk"],"_links":{"self":[{"href":"https:\/\/df-nyt.dk\/blog\/wp-json\/wp\/v2\/posts\/14329","targetHints":{"allow":["GET"]}}],"collection":[{"href":"https:\/\/df-nyt.dk\/blog\/wp-json\/wp\/v2\/posts"}],"about":[{"href":"https:\/\/df-nyt.dk\/blog\/wp-json\/wp\/v2\/types\/post"}],"author":[{"embeddable":true,"href":"https:\/\/df-nyt.dk\/blog\/wp-json\/wp\/v2\/users\/10"}],"replies":[{"embeddable":true,"href":"https:\/\/df-nyt.dk\/blog\/wp-json\/wp\/v2\/comments?post=14329"}],"version-history":[{"count":2,"href":"https:\/\/df-nyt.dk\/blog\/wp-json\/wp\/v2\/posts\/14329\/revisions"}],"predecessor-version":[{"id":112175,"href":"https:\/\/df-nyt.dk\/blog\/wp-json\/wp\/v2\/posts\/14329\/revisions\/112175"}],"wp:attachment":[{"href":"https:\/\/df-nyt.dk\/blog\/wp-json\/wp\/v2\/media?parent=14329"}],"wp:term":[{"taxonomy":"category","embeddable":true,"href":"https:\/\/df-nyt.dk\/blog\/wp-json\/wp\/v2\/categories?post=14329"},{"taxonomy":"post_tag","embeddable":true,"href":"https:\/\/df-nyt.dk\/blog\/wp-json\/wp\/v2\/tags?post=14329"}],"curies":[{"name":"wp","href":"https:\/\/api.w.org\/{rel}","templated":true}]}}