{"id":14465,"date":"2011-01-05T14:04:37","date_gmt":"2011-01-05T13:04:37","guid":{"rendered":"http:\/\/df-nyt.dk\/?p=14465"},"modified":"2018-01-09T07:48:48","modified_gmt":"2018-01-09T06:48:48","slug":"efterl%c3%b8nnen-det-store-tyveri","status":"publish","type":"post","link":"https:\/\/df-nyt.dk\/blog\/efterl%c3%b8nnen-det-store-tyveri\/","title":{"rendered":"Efterl\u00f8nnen: Det store tyveri"},"content":{"rendered":"<p><strong><a href=\"https:\/\/df-nyt.dk\/blog\/wp-content\/uploads\/050120111403.png\"><img loading=\"lazy\" decoding=\"async\" class=\"alignleft size-full wp-image-14466\" title=\"050120111403\" src=\"https:\/\/df-nyt.dk\/blog\/wp-content\/uploads\/050120111403.png\" alt=\"\" width=\"235\" height=\"109\" \/><\/a><\/strong><\/p>\n<div>I debatten om efterl\u00f8nnen h\u00f8rer vi gang p\u00e5 gang, at vi ikke har r\u00e5d til efterl\u00f8nnen, &#8230; [ &#8230;]<\/div>\n<p><strong>Virkeligheden er imidlertid, at efterl\u00f8nnen hele tiden har v\u00e6ret brugerfinancieret.<\/strong><\/p>\n<p>S\u00e5 &#8211; indtil 2008 var status, at den arbejdende befolkning allerede havde financieret s\u00e5vel efterl\u00f8n som dagpenge gennem arbejdsmarkedsbidraget, &#8230;<\/p>\n<p>der eksplicit var indf\u00f8rt pr\u00e6cis med det form\u00e5l, &#8230;<\/p>\n<p>og derfor blev opsamlet i Arbejdsmarkedsfonden.<\/p>\n<p>I 2008 valgte regeringen s\u00e5 uden videre at tage pengene i arbejdsmarkedsfonden og bruge dem p\u00e5 skattelettelser (og sikkert ogs\u00e5 andre ting).<\/p>\n<p>Og nu, hvor man i ro og mag har stj\u00e5let de penge, &#8230;<\/p>\n<p>som almindelige mennesker har indbetalt for at financiere de l\u00f8bende betalinger af efterl\u00f8n, &#8230;<\/p>\n<p>begynder man at himle op om, at vi ikke har r\u00e5d til det.<\/p>\n<p><strong>Er det fr\u00e6kt, eller hvad? skriver man<\/strong><\/p>\n<p>*****************************<\/p>\n","protected":false},"excerpt":{"rendered":"<p>I debatten om efterl\u00f8nnen h\u00f8rer vi gang p\u00e5 gang, at vi ikke har r\u00e5d til efterl\u00f8nnen, &#8230; [ &#8230;] Virkeligheden er imidlertid, at efterl\u00f8nnen hele tiden har v\u00e6ret brugerfinancieret. S\u00e5 &#8211; indtil 2008 var status, at den arbejdende befolkning allerede havde financieret s\u00e5vel efterl\u00f8n som dagpenge gennem arbejdsmarkedsbidraget, &#8230; der eksplicit var indf\u00f8rt pr\u00e6cis med [&hellip;]<\/p>\n","protected":false},"author":10,"featured_media":0,"comment_status":"open","ping_status":"closed","sticky":false,"template":"","format":"standard","meta":{"footnotes":""},"categories":[1],"tags":[],"class_list":["post-14465","post","type-post","status-publish","format-standard","hentry","category-df-nyt-dk"],"_links":{"self":[{"href":"https:\/\/df-nyt.dk\/blog\/wp-json\/wp\/v2\/posts\/14465","targetHints":{"allow":["GET"]}}],"collection":[{"href":"https:\/\/df-nyt.dk\/blog\/wp-json\/wp\/v2\/posts"}],"about":[{"href":"https:\/\/df-nyt.dk\/blog\/wp-json\/wp\/v2\/types\/post"}],"author":[{"embeddable":true,"href":"https:\/\/df-nyt.dk\/blog\/wp-json\/wp\/v2\/users\/10"}],"replies":[{"embeddable":true,"href":"https:\/\/df-nyt.dk\/blog\/wp-json\/wp\/v2\/comments?post=14465"}],"version-history":[{"count":0,"href":"https:\/\/df-nyt.dk\/blog\/wp-json\/wp\/v2\/posts\/14465\/revisions"}],"wp:attachment":[{"href":"https:\/\/df-nyt.dk\/blog\/wp-json\/wp\/v2\/media?parent=14465"}],"wp:term":[{"taxonomy":"category","embeddable":true,"href":"https:\/\/df-nyt.dk\/blog\/wp-json\/wp\/v2\/categories?post=14465"},{"taxonomy":"post_tag","embeddable":true,"href":"https:\/\/df-nyt.dk\/blog\/wp-json\/wp\/v2\/tags?post=14465"}],"curies":[{"name":"wp","href":"https:\/\/api.w.org\/{rel}","templated":true}]}}