{"id":14518,"date":"2011-01-06T08:30:44","date_gmt":"2011-01-06T07:30:44","guid":{"rendered":"http:\/\/df-nyt.dk\/?p=14518"},"modified":"2025-06-26T20:41:58","modified_gmt":"2025-06-26T18:41:58","slug":"ankestyrelsen-gar-imod-jobcenter-svendborg","status":"publish","type":"post","link":"https:\/\/df-nyt.dk\/blog\/ankestyrelsen-gar-imod-jobcenter-svendborg\/","title":{"rendered":"Ankestyrelsen g\u00e5r imod Jobcenter Svendborg"},"content":{"rendered":"<p><img loading=\"lazy\" decoding=\"async\" class=\"alignleft size-full \" title=\"060120110829\" src=\"https:\/\/df-nyt.dk\/\/wp-content\/uploads\/060120110829.png\" alt=\"\" width=\"237\" height=\"222\" \/><\/p>\n<p>Ankestyrelsen g\u00e5r imod Jobcenter Svendborg<br \/>\nSvendborg Kommunes Jobcenter er \u2013 igen \u2013 blevet afvist af den \u00f8verste ankeinstans, Ankestyrelsen, i en sag om sygedagpenge.<\/p>\n<p>F\u00f8rst klagede en borger \u2013 og fik ret.<br \/>\nDenne gang har Jobcentret klaget, men Ankestyrelsen vil ikke engang behandle klagen.<\/p>\n<p>To alvorlige gok i n\u00f8dden til Jobcentret<\/p>\n<p>Ankestyrelsen har netop sendt en klage fra Svendborgs kommunale Jobcenter retur.<\/p>\n<p>Drop klagen og ret ind!<br \/>\nSkriver Frede Jakobsen p\u00e5 Svendborg NetAvis.dk<br \/>\n\/\/svendborgsnetavis.dk\/ankestyrelsen-gar-imod-jobcenter-svendborg-2\/&#8221; <\/p>\n<p>-Og forts\u00e6tter med b.la.<br \/>\nDet er beskeden fra Ankestyrelsen til ledelsen i Jobcentret \u2013 i en sag, hvor Jobcentret havde taget sygedagpengene fra en borger, Mai-Britt Nikolajsen.<\/p>\n<p>Dermed er Ankestyrelsen p\u00e5 bare et par uger to gange g\u00e5et direkte imod Jobcenter Svendborg.<\/p>\n<p>Lige f\u00f8r jul gav Ankestyrelsen \u2013 den h\u00f8jeste ankeinstans i disse sager \u2013 en borger medhold i en klage over Jobcentret.<\/p>\n<p>Michael Nord havde f\u00e5et frataget sine sygedagpenge i n\u00e6sten fem m\u00e5neder.<br \/>\nHan klagede \u2013 uden held \u2013 til Besk\u00e6ftigelsesanken\u00e6vnet.<\/p>\n<p>Men en klage til Ankestyrelsen hjalp ham.<br \/>\nJobcentret blev p\u00e5lagt at betale ham de manglende sygedagpenge.<\/p>\n<p>Reference<br \/>\n\/svendborgsnetavis.dk  \/\/svendborgsnetavis.dk\/?p=3382&#8243;<br \/>\n&nbsp;<\/p>\n","protected":false},"excerpt":{"rendered":"<p>Ankestyrelsen g\u00e5r imod Jobcenter Svendborg Svendborg Kommunes Jobcenter er \u2013 igen \u2013 blevet afvist af den \u00f8verste ankeinstans, Ankestyrelsen, i en sag om sygedagpenge. F\u00f8rst klagede en borger \u2013 og fik ret. Denne gang har Jobcentret klaget, men Ankestyrelsen vil ikke engang behandle klagen. To alvorlige gok i n\u00f8dden til Jobcentret Ankestyrelsen har netop sendt [&hellip;]<\/p>\n","protected":false},"author":10,"featured_media":0,"comment_status":"open","ping_status":"closed","sticky":false,"template":"","format":"standard","meta":{"footnotes":""},"categories":[1],"tags":[],"class_list":["post-14518","post","type-post","status-publish","format-standard","hentry","category-df-nyt-dk"],"_links":{"self":[{"href":"https:\/\/df-nyt.dk\/blog\/wp-json\/wp\/v2\/posts\/14518","targetHints":{"allow":["GET"]}}],"collection":[{"href":"https:\/\/df-nyt.dk\/blog\/wp-json\/wp\/v2\/posts"}],"about":[{"href":"https:\/\/df-nyt.dk\/blog\/wp-json\/wp\/v2\/types\/post"}],"author":[{"embeddable":true,"href":"https:\/\/df-nyt.dk\/blog\/wp-json\/wp\/v2\/users\/10"}],"replies":[{"embeddable":true,"href":"https:\/\/df-nyt.dk\/blog\/wp-json\/wp\/v2\/comments?post=14518"}],"version-history":[{"count":4,"href":"https:\/\/df-nyt.dk\/blog\/wp-json\/wp\/v2\/posts\/14518\/revisions"}],"predecessor-version":[{"id":108267,"href":"https:\/\/df-nyt.dk\/blog\/wp-json\/wp\/v2\/posts\/14518\/revisions\/108267"}],"wp:attachment":[{"href":"https:\/\/df-nyt.dk\/blog\/wp-json\/wp\/v2\/media?parent=14518"}],"wp:term":[{"taxonomy":"category","embeddable":true,"href":"https:\/\/df-nyt.dk\/blog\/wp-json\/wp\/v2\/categories?post=14518"},{"taxonomy":"post_tag","embeddable":true,"href":"https:\/\/df-nyt.dk\/blog\/wp-json\/wp\/v2\/tags?post=14518"}],"curies":[{"name":"wp","href":"https:\/\/api.w.org\/{rel}","templated":true}]}}