{"id":14530,"date":"2011-01-06T13:37:39","date_gmt":"2011-01-06T12:37:39","guid":{"rendered":"http:\/\/df-nyt.dk\/?p=14530"},"modified":"2016-05-16T16:14:18","modified_gmt":"2016-05-16T14:14:18","slug":"risikerer-at-miste-efterl%c3%b8nnen","status":"publish","type":"post","link":"https:\/\/df-nyt.dk\/blog\/risikerer-at-miste-efterl%c3%b8nnen\/","title":{"rendered":"Risikerer at miste efterl\u00f8nnen"},"content":{"rendered":"<p><strong><a href=\"https:\/\/df-nyt.dk\/blog\/wp-content\/uploads\/060120111334.png\"><img loading=\"lazy\" decoding=\"async\" class=\"alignleft size-full wp-image-14531\" title=\"060120111334\" src=\"https:\/\/df-nyt.dk\/blog\/wp-content\/uploads\/060120111334.png\" alt=\"\" width=\"191\" height=\"153\" \/><\/a><\/strong><\/p>\n<p><strong>2.387 socialr\u00e5dgivere kan se frem til at skulle glemme alt om at g\u00e5 p\u00e5 efterl\u00f8n, hvis regeringens forslag om at afskaffe efterl\u00f8nnen vedtages.<\/strong><\/p>\n<p>Bettina Post, formand for Dansk Socialr\u00e5dgiverforening, er bekymret over udsigten til, at efterl\u00f8nnen afskaffes for medlemmer under 45 \u00e5r.<\/p>\n<p>&#8211; Vi ved, at der er en del socialr\u00e5dgivere, som holder fast i jobbet med det yderste af neglene &#8211; for eksempel p\u00e5 grund af psykisk nedslidning &#8211; fordi de ved, at de kan g\u00e5 p\u00e5 efterl\u00f8n, n\u00e5r de fylder 60.<\/p>\n<p>De vil f\u00e5 et problem, hvis efterl\u00f8nne afskaffes, for de vil n\u00e6ppe v\u00e6re berettiget til et fleksjob eller f\u00f8rtidspension.<\/p>\n<p><strong>Og hvad skal de s\u00e5 g\u00f8re, sp\u00f8rger Bettina Post.<\/strong><\/p>\n<p><strong>L\u00e6s mere &#8230; HER <\/strong><\/p>\n<p><strong>L\u00e6s ogs\u00e5: <a href=\"http:\/\/df-nyt.dk\/?p=14465\">Efterl\u00f8nnen: Det store tyveri &#8230;HER<\/a><\/strong><\/p>\n<p><strong>************************************************ <\/strong><\/p>\n","protected":false},"excerpt":{"rendered":"<p>2.387 socialr\u00e5dgivere kan se frem til at skulle glemme alt om at g\u00e5 p\u00e5 efterl\u00f8n, hvis regeringens forslag om at afskaffe efterl\u00f8nnen vedtages. Bettina Post, formand for Dansk Socialr\u00e5dgiverforening, er bekymret over udsigten til, at efterl\u00f8nnen afskaffes for medlemmer under 45 \u00e5r. &#8211; Vi ved, at der er en del socialr\u00e5dgivere, som holder fast i [&hellip;]<\/p>\n","protected":false},"author":10,"featured_media":0,"comment_status":"open","ping_status":"closed","sticky":false,"template":"","format":"standard","meta":{"footnotes":""},"categories":[1],"tags":[],"class_list":["post-14530","post","type-post","status-publish","format-standard","hentry","category-df-nyt-dk"],"_links":{"self":[{"href":"https:\/\/df-nyt.dk\/blog\/wp-json\/wp\/v2\/posts\/14530","targetHints":{"allow":["GET"]}}],"collection":[{"href":"https:\/\/df-nyt.dk\/blog\/wp-json\/wp\/v2\/posts"}],"about":[{"href":"https:\/\/df-nyt.dk\/blog\/wp-json\/wp\/v2\/types\/post"}],"author":[{"embeddable":true,"href":"https:\/\/df-nyt.dk\/blog\/wp-json\/wp\/v2\/users\/10"}],"replies":[{"embeddable":true,"href":"https:\/\/df-nyt.dk\/blog\/wp-json\/wp\/v2\/comments?post=14530"}],"version-history":[{"count":0,"href":"https:\/\/df-nyt.dk\/blog\/wp-json\/wp\/v2\/posts\/14530\/revisions"}],"wp:attachment":[{"href":"https:\/\/df-nyt.dk\/blog\/wp-json\/wp\/v2\/media?parent=14530"}],"wp:term":[{"taxonomy":"category","embeddable":true,"href":"https:\/\/df-nyt.dk\/blog\/wp-json\/wp\/v2\/categories?post=14530"},{"taxonomy":"post_tag","embeddable":true,"href":"https:\/\/df-nyt.dk\/blog\/wp-json\/wp\/v2\/tags?post=14530"}],"curies":[{"name":"wp","href":"https:\/\/api.w.org\/{rel}","templated":true}]}}