{"id":14588,"date":"2011-01-07T14:55:44","date_gmt":"2011-01-07T13:55:44","guid":{"rendered":"http:\/\/df-nyt.dk\/?p=14588"},"modified":"2025-06-26T20:46:11","modified_gmt":"2025-06-26T18:46:11","slug":"medlem-af-menighedsrad-sexmisbrugt-af-praest","status":"publish","type":"post","link":"https:\/\/df-nyt.dk\/blog\/medlem-af-menighedsrad-sexmisbrugt-af-praest\/","title":{"rendered":"Medlem af menighedsr\u00e5d sexmisbrugt af pr\u00e6st"},"content":{"rendered":"<p>Medlem af menighedsr\u00e5d sexmisbrugt af pr\u00e6st<\/p>\n<p><img loading=\"lazy\" decoding=\"async\" class=\"alignleft size-full \" title=\"070120111446\" src=\"https:\/\/df-nyt.dk\/blog\/wp-content\/uploads\/070120111446.png\" alt=\"\" width=\"255\" height=\"187\" \/><\/p>\n<p>Det skete omkring bededag, 17 November 2010.<br \/>\nPr\u00e6sten afholder en gudstjeneste om aftenen sin kirke.<\/p>\n<p>I pr\u00e6diken, citerer han b.la. flere ordsprog fra Bibelen.<br \/>\nEfterf\u00f8lgende servers der r\u00f8dvin for den trofaste menighed.<\/p>\n<p>Mange forts\u00e6tter, blandt dem er Susan N. p\u00e5 32 \u00e5r. og medlem af menighedsr\u00e5det.<\/p>\n<p>Pr\u00e6sten serverede altid st\u00e6rk r\u00f8dvin<\/p>\n<p>Kort efter midnat, er det kun pr\u00e6sten og Susan N. tilbage i kirken.<\/p>\n<p>Hun siger til \/\/bild.de<br \/>\n\/\/www.bild.de:80\/BILD\/news\/2011\/01\/07\/pastor\/sex-auf-der-kirchenbank.html&#8221;><\/p>\n<p>&#8220;Jeg \u00f8nskede at g\u00e5 hjem, men f\u00f8lte mig d\u00e5rlig.<br \/>\nJeg kunne ikke l\u00e6ngere st\u00e5 p\u00e5 benene, jeg f\u00f8lte mig syg, svimmel.&#8221;<\/p>\n<p>&#8220;Jeg sad p\u00e5 en b\u00e6nk,&#8221; forts\u00e6tter Susan N.<\/p>\n<p>&#8221; Hans n\u00e6se var pludselig foran mit ansigt.<br \/>\nNoget pillede ved mine bukser. Senere h\u00f8rte jeg en st\u00f8nnende.&#8221;<\/p>\n<p>Det er alt hvad hun kan huske.<br \/>\nDen n\u00e6ste morgen v\u00e5gner Susan N. med hendes egne ord mellem pladserne p\u00e5 gulvet i kirken.<\/p>\n<p>&#8220;Under mig l\u00e5 puder. Jeg var n\u00f8gen for neden.<\/p>\n<p>Bukser og trusser manglede.<br \/>\nMine ben var d\u00e6kket af en af pr\u00e6stens k\u00e5be og han l\u00e5 bag mig.&#8221;<\/p>\n<p>Et par dage senere, sendte pr\u00e6sten adskillige e-mails til Susan N, og undskyldte for sin opf\u00f8rsel.<\/p>\n<p>Den 32-\u00e5rige Susan N. beslutter alligevel at g\u00e5 til den relevante dekan for at fort\u00e6lle om h\u00e6ndelsen.<\/p>\n<p>Den offentlige anklager i har iv\u00e6rksat en efterforskning p\u00e5 grund af mistanken om seksuelt misbrug.<\/p>\n<p>Kilde: \/\/www.bild.de:80\/BILD\/news\/2011\/01\/07\/pastor\/sex-auf-der-kirchenbank.html&#8221;<br \/>\nbild.de<br \/>\n\/\/www.welt.de\/vermischtes\/weltgeschehen\/article12021422\/Pastor-soll-Sex-in-der-Kirche-gehabt-haben.html&#8221;<br \/>\nWelt Online<\/p>\n<p>For yderlig l\u00e6sning<\/p>\n<p><span style=\"text-decoration: underline;\"><a href=\"http:\/\/df-nyt.dk\/?p=11950\" target=\"_blank\" rel=\"noopener\">S\u00e5 rykker det i inkvisitionen p\u00e5 FaceBook<\/a><\/span><\/p>\n","protected":false},"excerpt":{"rendered":"<p>Medlem af menighedsr\u00e5d sexmisbrugt af pr\u00e6st Det skete omkring bededag, 17 November 2010. Pr\u00e6sten afholder en gudstjeneste om aftenen sin kirke. I pr\u00e6diken, citerer han b.la. flere ordsprog fra Bibelen. Efterf\u00f8lgende servers der r\u00f8dvin for den trofaste menighed. Mange forts\u00e6tter, blandt dem er Susan N. p\u00e5 32 \u00e5r. og medlem af menighedsr\u00e5det. Pr\u00e6sten serverede altid [&hellip;]<\/p>\n","protected":false},"author":10,"featured_media":0,"comment_status":"open","ping_status":"closed","sticky":false,"template":"","format":"standard","meta":{"footnotes":""},"categories":[1],"tags":[],"class_list":["post-14588","post","type-post","status-publish","format-standard","hentry","category-df-nyt-dk"],"_links":{"self":[{"href":"https:\/\/df-nyt.dk\/blog\/wp-json\/wp\/v2\/posts\/14588","targetHints":{"allow":["GET"]}}],"collection":[{"href":"https:\/\/df-nyt.dk\/blog\/wp-json\/wp\/v2\/posts"}],"about":[{"href":"https:\/\/df-nyt.dk\/blog\/wp-json\/wp\/v2\/types\/post"}],"author":[{"embeddable":true,"href":"https:\/\/df-nyt.dk\/blog\/wp-json\/wp\/v2\/users\/10"}],"replies":[{"embeddable":true,"href":"https:\/\/df-nyt.dk\/blog\/wp-json\/wp\/v2\/comments?post=14588"}],"version-history":[{"count":4,"href":"https:\/\/df-nyt.dk\/blog\/wp-json\/wp\/v2\/posts\/14588\/revisions"}],"predecessor-version":[{"id":108268,"href":"https:\/\/df-nyt.dk\/blog\/wp-json\/wp\/v2\/posts\/14588\/revisions\/108268"}],"wp:attachment":[{"href":"https:\/\/df-nyt.dk\/blog\/wp-json\/wp\/v2\/media?parent=14588"}],"wp:term":[{"taxonomy":"category","embeddable":true,"href":"https:\/\/df-nyt.dk\/blog\/wp-json\/wp\/v2\/categories?post=14588"},{"taxonomy":"post_tag","embeddable":true,"href":"https:\/\/df-nyt.dk\/blog\/wp-json\/wp\/v2\/tags?post=14588"}],"curies":[{"name":"wp","href":"https:\/\/api.w.org\/{rel}","templated":true}]}}